{"id":1623,"date":"2025-11-10T11:40:21","date_gmt":"2025-11-10T10:40:21","guid":{"rendered":"https:\/\/www.gr-eclat01.fr\/?p=1623"},"modified":"2025-11-10T11:50:14","modified_gmt":"2025-11-10T10:50:14","slug":"competition-individuelle-departementale-2025-2026","status":"publish","type":"post","link":"https:\/\/www.gr-eclat01.fr\/index.php\/2025\/11\/10\/competition-individuelle-departementale-2025-2026\/","title":{"rendered":"Comp\u00e9tition individuelle d\u00e9partementale 2025-2026"},"content":{"rendered":"\t\t<div data-elementor-type=\"wp-post\" data-elementor-id=\"1623\" class=\"elementor elementor-1623\">\n\t\t\t\t<div class=\"elementor-element elementor-element-997522a e-flex e-con-boxed wpr-particle-no wpr-jarallax-no wpr-parallax-no wpr-sticky-section-no wpr-equal-height-no e-con e-parent\" data-id=\"997522a\" data-element_type=\"container\">\n\t\t\t\t\t<div class=\"e-con-inner\">\n\t\t\t\t<div class=\"elementor-element elementor-element-8b94f17 elementor-widget elementor-widget-text-editor\" data-id=\"8b94f17\" data-element_type=\"widget\" data-widget_type=\"text-editor.default\">\n\t\t\t\t<div class=\"elementor-widget-container\">\n\t\t\t\t\t\t\t\t\t<h1>Retour sur une Comp\u00e9tition D\u00e9partementale Prometteuse et Projection vers Grenoble !<\/h1><p>Le 12 octobre dernier marquait le lancement tant attendu de la saison de comp\u00e9tition individuelle de Gymnastique Rythmique. Cette premi\u00e8re \u00e9ch\u00e9ance d\u00e9partementale fut une \u00e9tape fondatrice, r\u00e9v\u00e9lant la <b>gr\u00e2ce<\/b> et le <b>potentiel<\/b> de nos athl\u00e8tes. Si l&rsquo;excitation, et un peu de stress, ont accompagn\u00e9 les encha\u00eenements, les performances r\u00e9alis\u00e9es dans les cat\u00e9gories R\u00e9gionales (Reg) et F\u00e9d\u00e9rales (Fed) sont des sources de grande fiert\u00e9. Cette journ\u00e9e a permis de poser les bases de la progression future et de galvaniser l&rsquo;esprit d&rsquo;\u00e9quipe avant les prochaines rencontres.<\/p><h3><b>G\u00e9rer le Stress, R\u00e9v\u00e9ler le Talent<\/b><\/h3><p>La Gymnastique Rythmique est un sport d&rsquo;une exigence rare, o\u00f9 l&rsquo;artiste est seule face au tapis, maniant avec \u00e9l\u00e9gance des engins tout en ex\u00e9cutant des prouesses corporelles. Pour une premi\u00e8re comp\u00e9tition individuelle de l&rsquo;ann\u00e9e, il est habituel que la pression monte d&rsquo;un cran. Le post Facebook \u00e9voque d&rsquo;ailleurs un \u00ab\u00a0peu trop de stress\u00a0\u00bb, un sentiment que toutes les athl\u00e8tes connaissent.<\/p><p>Il est crucial de souligner que ce trac est le reflet de l&rsquo;<b>engagement<\/b> et du <b>d\u00e9sir de perfection<\/b> de ces jeunes sportives. Il est le moteur qui pousse \u00e0 la concentration extr\u00eame. Les entra\u00eeneurs peuvent \u00eatre particuli\u00e8rement satisfaites de la mani\u00e8re dont les gymnastes ont su transformer cette \u00e9nergie nerveuse en passages souvent r\u00e9ussis, marquant un premier pas tr\u00e8s encourageant dans la gestion de l&rsquo;\u00e9motion en situation de comp\u00e9tition. C&rsquo;est un apprentissage fondamental pour l&rsquo;ensemble de leur carri\u00e8re sportive.<\/p><hr \/><h3><b>R\u00e9sultats D\u00e9taill\u00e9s :\u00a0<\/b><\/h3><p>Les classements obtenus lors de cette comp\u00e9tition d\u00e9partementale t\u00e9moignent de l&rsquo;excellent travail r\u00e9alis\u00e9 en amont.\u00a0<\/p><h4><b>Cat\u00e9gorie R\u00e9gionale (Reg) :\u00a0<\/b><\/h4><p>Les gymnastes \u00e9voluant en niveau R\u00e9gional ont offert des performances solides, se pla\u00e7ant honorablement dans leurs groupes d&rsquo;\u00e2ge respectifs.<\/p><ul><li><p><b>Alexane :<\/b> 3\u00e8me\u00a0sur 6 concurrentes \u2013 Un excellent d\u00e9but qui la place sur le podium de sa cat\u00e9gorie, promettant une belle saison.<\/p><\/li><li><p><b>Arshina :<\/b> 5\u00e8me\/6\u00a0\u2013 Une prestation combative dans un groupe serr\u00e9.<\/p><\/li><li><p><b>Lisa :<\/b> 6\u00e8me\/6\u2013 Une exp\u00e9rience pr\u00e9cieuse pour la suite de la saison.<\/p><\/li><li><p><b>Johanna :<\/b> 5\u00e8me\/5 Bien que derni\u00e8re de son petit groupe, elle a r\u00e9alis\u00e9 son encha\u00eenement, marquant ses premiers points pour sa 1\u00e8re saison de comp\u00e9titions.<\/p><\/li><li><p><b>Kl\u00e9a :<\/b> 5\u00e8me \/ 6 \u2013 Une belle participation et des points \u00e0 capitaliser pour la prochaine \u00e9tape.<\/p><\/li><li><p><b>Axelle :<\/b> 3\u00e8me \/4\u2013 Elle monte sur le podium de sa cat\u00e9gorie d&rsquo;\u00e2ge, une performance tr\u00e8s encourageante.<\/p><\/li><li><p><b>Luce :<\/b> 4\u00e8me\/4\u2013 Elle cl\u00f4ture son groupe avec de l&rsquo;exp\u00e9rience et une base de travail.<\/p><\/li><\/ul><p>Ces r\u00e9sultats, pris dans le contexte de leurs cat\u00e9gories d&rsquo;\u00e2ge respectives, montrent que de nombreuses gymnastes sont d\u00e9j\u00e0 en position de rivaliser pour les premi\u00e8res places, ce qui est un atout majeur pour les qualifications interd\u00e9partementales.<\/p><h4><b>Cat\u00e9gorie F\u00e9d\u00e9rale (Fed) :\u00a0<\/b><\/h4><p>La cat\u00e9gorie F\u00e9d\u00e9rale est reconnue pour sa complexit\u00e9 technique et la densit\u00e9 de ses participantes. Affronter un plateau de 11 gymnastes demande rigueur et concentration. Les r\u00e9sultats obtenus sont d&rsquo;autant plus significatifs.<\/p><ul><li><p><b>Mathilda :<\/b> 3\u00e8me\/11\u2013 Une performance remarquable qui la positionne d&#8217;embl\u00e9e dans le <b>top 3<\/b> de sa cat\u00e9gorie d&rsquo;\u00e2ge. Un r\u00e9sultat qui atteste d&rsquo;un tr\u00e8s bon niveau de pr\u00e9paration.<\/p><\/li><li><p><b>Alizee :<\/b> 7\u00e8me\/11\u2013 Elle se maintient dans le milieu de tableau, prouvant sa capacit\u00e9 \u00e0 ex\u00e9cuter des encha\u00eenements de haute difficult\u00e9.<\/p><\/li><li><p><b>Manon :<\/b> 8\u00e8me\/11\u00a0\u2013 Un classement serr\u00e9 avec Alizee, signalant une belle performance dans ce niveau exigeant.<\/p><\/li><li><p><b>Laurene :<\/b>10\u00e8me\/11\u2013 Elle a fait preuve de courage en pr\u00e9sentant son travail face \u00e0 une forte concurrence.<\/p><\/li><li><p><b>Clara :<\/b> 11\u00e8me\/11\u2013 Malgr\u00e9 le classement, chaque passage est une victoire et une base essentielle pour les ajustements futurs.<\/p><\/li><\/ul><p>La 3\u00e8me place de Mathilda est le phare de cette cat\u00e9gorie, mais la participation et l&rsquo;engagement de toutes, m\u00eame celles en fin de classement, sont des indicateurs pr\u00e9cieux pour les entra\u00eeneurs. Chaque note est un feedback pour am\u00e9liorer la performance \u00e0 venir.<\/p><hr \/><h3><b>\u00a0Direction Grenoble !<\/b><\/h3><p>Toute l&rsquo;attention se porte d\u00e9sormais sur le prochain grand rendez-vous : le <b>Championnat Interd\u00e9partemental<\/b> qui se tiendra \u00e0 Grenoble les <b>8 et 9 novembre<\/b>. Cette \u00e9tape est l&rsquo;objectif imm\u00e9diat, car elle offre le pr\u00e9cieux s\u00e9same pour les phases de qualification r\u00e9gionales.<\/p><p>Le club se d\u00e9clare \u00ab\u00a0tr\u00e8s fier\u00a0\u00bb de ses athl\u00e8tes et a \u00ab\u00a0h\u00e2te de les voir performer\u00a0\u00bb. Cette confiance est le meilleur des encouragements. Fortes des le\u00e7ons apprises le 12 octobre, les gymnastes savent exactement sur quels aspects techniques et psychologiques elles doivent travailler. Il s&rsquo;agira de peaufiner les liaisons, de s\u00e9curiser les \u00e9l\u00e9ments les plus risqu\u00e9s et de s&rsquo;assurer que le stress ne se transforme plus en erreur, mais en <b>force concentr\u00e9e<\/b>.<\/p><p>\u00c0 Grenoble, elles feront face \u00e0 une concurrence \u00e9largie, issue de plusieurs d\u00e9partements. Ce sera le moment id\u00e9al pour confirmer la bonne dynamique de ce d\u00e9but de saison. La Gymnase Clemenceau sera la sc\u00e8ne de leurs r\u00eaves et de leur travail acharn\u00e9.<\/p><h3><b>Au-del\u00e0 des Num\u00e9ros : L&rsquo;Esprit de la GR<\/b><\/h3><p>Ce que raconte ce post, au-del\u00e0 des chiffres, c&rsquo;est l&rsquo;histoire d&rsquo;un club soud\u00e9 et d&rsquo;une passion commune. La Gymnastique Rythmique enseigne bien plus que la technique : elle forme \u00e0 la <b>pers\u00e9v\u00e9rance<\/b>, \u00e0 l&rsquo;<b>autonomie<\/b> et \u00e0 la <b>r\u00e9silience<\/b>. Chaque gymnaste a lutt\u00e9 sur le tapis, non seulement contre la difficult\u00e9 de l&rsquo;encha\u00eenement, mais aussi contre sa propre timidit\u00e9 ou anxi\u00e9t\u00e9.<\/p><p>Les entra\u00eeneurs peuvent \u00eatre assur\u00e9ment fi\u00e8res de la combativit\u00e9 affich\u00e9e. L&rsquo;aventure ne fait que commencer. Nous souhaitons \u00e0 toutes nos gymnastes de vivre pleinement cette exp\u00e9rience \u00e0 Grenoble et de continuer \u00e0 progresser avec la m\u00eame <b>passion<\/b> et le m\u00eame <b>engagement<\/b> que lors de cette premi\u00e8re comp\u00e9tition d\u00e9partementale.<\/p>\t\t\t\t\t\t\t\t<\/div>\n\t\t\t\t<\/div>\n\t\t\t\t\t<\/div>\n\t\t\t\t<\/div>\n\t\t<div class=\"elementor-element elementor-element-bc5b7f0 e-flex e-con-boxed wpr-particle-no wpr-jarallax-no wpr-parallax-no wpr-sticky-section-no wpr-equal-height-no e-con e-parent\" data-id=\"bc5b7f0\" data-element_type=\"container\">\n\t\t\t\t\t<div class=\"e-con-inner\">\n\t\t<div class=\"elementor-element elementor-element-0e8a3fb e-con-full e-flex wpr-particle-no wpr-jarallax-no wpr-parallax-no wpr-sticky-section-no wpr-equal-height-no e-con e-child\" data-id=\"0e8a3fb\" data-element_type=\"container\">\n\t\t\t\t<div class=\"elementor-element elementor-element-acb5434 elementor-widget elementor-widget-image\" data-id=\"acb5434\" data-element_type=\"widget\" data-widget_type=\"image.default\">\n\t\t\t\t<div class=\"elementor-widget-container\">\n\t\t\t\t\t\t\t\t\t\t\t\t\t\t\t<img decoding=\"async\" src=\"https:\/\/www.gr-eclat01.fr\/wp-content\/plugins\/elementor\/assets\/images\/placeholder.png\" title=\"\" alt=\"\" loading=\"lazy\" \/>\t\t\t\t\t\t\t\t\t\t\t\t\t\t\t<\/div>\n\t\t\t\t<\/div>\n\t\t\t\t<\/div>\n\t\t<div class=\"elementor-element elementor-element-ba12d31 e-con-full e-flex wpr-particle-no wpr-jarallax-no wpr-parallax-no wpr-sticky-section-no wpr-equal-height-no e-con e-child\" data-id=\"ba12d31\" data-element_type=\"container\">\n\t\t\t\t<div class=\"elementor-element elementor-element-da74cba elementor-widget elementor-widget-image\" data-id=\"da74cba\" data-element_type=\"widget\" data-widget_type=\"image.default\">\n\t\t\t\t<div class=\"elementor-widget-container\">\n\t\t\t\t\t\t\t\t\t\t\t\t\t\t\t<img fetchpriority=\"high\" decoding=\"async\" width=\"1024\" height=\"768\" src=\"https:\/\/www.gr-eclat01.fr\/wp-content\/uploads\/2025\/11\/WhatsApp-Image-2025-11-10-a-11.41.27_5ae095df-1024x768.jpg\" class=\"attachment-large size-large wp-image-1625\" alt=\"\" srcset=\"https:\/\/www.gr-eclat01.fr\/wp-content\/uploads\/2025\/11\/WhatsApp-Image-2025-11-10-a-11.41.27_5ae095df-1024x768.jpg 1024w, https:\/\/www.gr-eclat01.fr\/wp-content\/uploads\/2025\/11\/WhatsApp-Image-2025-11-10-a-11.41.27_5ae095df-300x225.jpg 300w, https:\/\/www.gr-eclat01.fr\/wp-content\/uploads\/2025\/11\/WhatsApp-Image-2025-11-10-a-11.41.27_5ae095df-768x576.jpg 768w, https:\/\/www.gr-eclat01.fr\/wp-content\/uploads\/2025\/11\/WhatsApp-Image-2025-11-10-a-11.41.27_5ae095df-1536x1152.jpg 1536w, https:\/\/www.gr-eclat01.fr\/wp-content\/uploads\/2025\/11\/WhatsApp-Image-2025-11-10-a-11.41.27_5ae095df.jpg 1600w\" sizes=\"(max-width: 1024px) 100vw, 1024px\" \/>\t\t\t\t\t\t\t\t\t\t\t\t\t\t\t<\/div>\n\t\t\t\t<\/div>\n\t\t\t\t<\/div>\n\t\t<div class=\"elementor-element elementor-element-56b2468 e-con-full e-flex wpr-particle-no wpr-jarallax-no wpr-parallax-no wpr-sticky-section-no wpr-equal-height-no e-con e-child\" data-id=\"56b2468\" data-element_type=\"container\">\n\t\t\t\t<\/div>\n\t\t\t\t\t<\/div>\n\t\t\t\t<\/div>\n\t\t<div class=\"elementor-element elementor-element-d736b3c e-flex e-con-boxed wpr-particle-no wpr-jarallax-no wpr-parallax-no wpr-sticky-section-no wpr-equal-height-no e-con e-parent\" data-id=\"d736b3c\" data-element_type=\"container\">\n\t\t\t\t\t<div class=\"e-con-inner\">\n\t\t<div class=\"elementor-element elementor-element-234deda e-con-full e-flex wpr-particle-no wpr-jarallax-no wpr-parallax-no wpr-sticky-section-no wpr-equal-height-no e-con e-child\" data-id=\"234deda\" data-element_type=\"container\">\n\t\t\t\t<div class=\"elementor-element elementor-element-a52b4d2 elementor-widget elementor-widget-image\" data-id=\"a52b4d2\" data-element_type=\"widget\" data-widget_type=\"image.default\">\n\t\t\t\t<div class=\"elementor-widget-container\">\n\t\t\t\t\t\t\t\t\t\t\t\t\t\t\t<img decoding=\"async\" width=\"768\" height=\"1024\" src=\"https:\/\/www.gr-eclat01.fr\/wp-content\/uploads\/2025\/11\/WhatsApp-Image-2025-11-10-a-11.41.27_51bad8fe-768x1024.jpg\" class=\"attachment-large size-large wp-image-1627\" alt=\"\" srcset=\"https:\/\/www.gr-eclat01.fr\/wp-content\/uploads\/2025\/11\/WhatsApp-Image-2025-11-10-a-11.41.27_51bad8fe-768x1024.jpg 768w, https:\/\/www.gr-eclat01.fr\/wp-content\/uploads\/2025\/11\/WhatsApp-Image-2025-11-10-a-11.41.27_51bad8fe-225x300.jpg 225w, https:\/\/www.gr-eclat01.fr\/wp-content\/uploads\/2025\/11\/WhatsApp-Image-2025-11-10-a-11.41.27_51bad8fe-1152x1536.jpg 1152w, https:\/\/www.gr-eclat01.fr\/wp-content\/uploads\/2025\/11\/WhatsApp-Image-2025-11-10-a-11.41.27_51bad8fe.jpg 1200w\" sizes=\"(max-width: 768px) 100vw, 768px\" \/>\t\t\t\t\t\t\t\t\t\t\t\t\t\t\t<\/div>\n\t\t\t\t<\/div>\n\t\t\t\t<\/div>\n\t\t<div class=\"elementor-element elementor-element-7f99bc2 e-con-full e-flex wpr-particle-no wpr-jarallax-no wpr-parallax-no wpr-sticky-section-no wpr-equal-height-no e-con e-child\" data-id=\"7f99bc2\" data-element_type=\"container\">\n\t\t\t\t<div class=\"elementor-element elementor-element-fcd1e10 elementor-widget elementor-widget-image\" data-id=\"fcd1e10\" data-element_type=\"widget\" data-widget_type=\"image.default\">\n\t\t\t\t<div class=\"elementor-widget-container\">\n\t\t\t\t\t\t\t\t\t\t\t\t\t\t\t<img decoding=\"async\" width=\"768\" height=\"1024\" src=\"https:\/\/www.gr-eclat01.fr\/wp-content\/uploads\/2025\/11\/WhatsApp-Image-2025-11-10-a-11.41.27_7a2d74ca-768x1024.jpg\" class=\"attachment-large size-large wp-image-1626\" alt=\"\" srcset=\"https:\/\/www.gr-eclat01.fr\/wp-content\/uploads\/2025\/11\/WhatsApp-Image-2025-11-10-a-11.41.27_7a2d74ca-768x1024.jpg 768w, https:\/\/www.gr-eclat01.fr\/wp-content\/uploads\/2025\/11\/WhatsApp-Image-2025-11-10-a-11.41.27_7a2d74ca-225x300.jpg 225w, https:\/\/www.gr-eclat01.fr\/wp-content\/uploads\/2025\/11\/WhatsApp-Image-2025-11-10-a-11.41.27_7a2d74ca-1152x1536.jpg 1152w, https:\/\/www.gr-eclat01.fr\/wp-content\/uploads\/2025\/11\/WhatsApp-Image-2025-11-10-a-11.41.27_7a2d74ca.jpg 1200w\" sizes=\"(max-width: 768px) 100vw, 768px\" \/>\t\t\t\t\t\t\t\t\t\t\t\t\t\t\t<\/div>\n\t\t\t\t<\/div>\n\t\t\t\t<\/div>\n\t\t<div class=\"elementor-element elementor-element-0f61c19 e-con-full e-flex wpr-particle-no wpr-jarallax-no wpr-parallax-no wpr-sticky-section-no wpr-equal-height-no e-con e-child\" data-id=\"0f61c19\" data-element_type=\"container\">\n\t\t\t\t<div class=\"elementor-element elementor-element-abc49d6 elementor-widget elementor-widget-image\" data-id=\"abc49d6\" data-element_type=\"widget\" data-widget_type=\"image.default\">\n\t\t\t\t<div class=\"elementor-widget-container\">\n\t\t\t\t\t\t\t\t\t\t\t\t\t\t\t<img loading=\"lazy\" decoding=\"async\" width=\"771\" height=\"1024\" src=\"https:\/\/www.gr-eclat01.fr\/wp-content\/uploads\/2025\/11\/WhatsApp-Image-2025-11-10-a-11.41.27_0d944046-771x1024.jpg\" class=\"attachment-large size-large wp-image-1628\" alt=\"\" srcset=\"https:\/\/www.gr-eclat01.fr\/wp-content\/uploads\/2025\/11\/WhatsApp-Image-2025-11-10-a-11.41.27_0d944046-771x1024.jpg 771w, https:\/\/www.gr-eclat01.fr\/wp-content\/uploads\/2025\/11\/WhatsApp-Image-2025-11-10-a-11.41.27_0d944046-226x300.jpg 226w, https:\/\/www.gr-eclat01.fr\/wp-content\/uploads\/2025\/11\/WhatsApp-Image-2025-11-10-a-11.41.27_0d944046-768x1021.jpg 768w, https:\/\/www.gr-eclat01.fr\/wp-content\/uploads\/2025\/11\/WhatsApp-Image-2025-11-10-a-11.41.27_0d944046-1156x1536.jpg 1156w, https:\/\/www.gr-eclat01.fr\/wp-content\/uploads\/2025\/11\/WhatsApp-Image-2025-11-10-a-11.41.27_0d944046.jpg 1204w\" sizes=\"(max-width: 771px) 100vw, 771px\" \/>\t\t\t\t\t\t\t\t\t\t\t\t\t\t\t<\/div>\n\t\t\t\t<\/div>\n\t\t\t\t<\/div>\n\t\t<div class=\"elementor-element elementor-element-1dc8431 e-con-full e-flex wpr-particle-no wpr-jarallax-no wpr-parallax-no wpr-sticky-section-no wpr-equal-height-no e-con e-child\" data-id=\"1dc8431\" data-element_type=\"container\">\n\t\t\t\t<\/div>\n\t\t<div class=\"elementor-element elementor-element-3062b7c e-con-full e-flex wpr-particle-no wpr-jarallax-no wpr-parallax-no wpr-sticky-section-no wpr-equal-height-no e-con e-child\" data-id=\"3062b7c\" data-element_type=\"container\">\n\t\t\t\t<\/div>\n\t\t<div class=\"elementor-element elementor-element-0fedbdf e-con-full e-flex wpr-particle-no wpr-jarallax-no wpr-parallax-no wpr-sticky-section-no wpr-equal-height-no e-con e-child\" data-id=\"0fedbdf\" data-element_type=\"container\">\n\t\t\t\t<\/div>\n\t\t\t\t\t<\/div>\n\t\t\t\t<\/div>\n\t\t\t\t<\/div>\n\t\t","protected":false},"excerpt":{"rendered":"<p>La1\u00e8re comp\u00e9tition de l&rsquo;ann\u00e9e fut pleine de surprise et de bons passages !<\/p>\n","protected":false},"author":1,"featured_media":1625,"comment_status":"open","ping_status":"open","sticky":false,"template":"","format":"standard","meta":{"_jetpack_memberships_contains_paid_content":false,"footnotes":""},"categories":[11],"tags":[],"class_list":["post-1623","post","type-post","status-publish","format-standard","has-post-thumbnail","hentry","category-actualites-eclatrythmiquevaldesaone","entry","has-media"],"yoast_head":"<!-- This site is optimized with the Yoast SEO plugin v27.5 - https:\/\/yoast.com\/product\/yoast-seo-wordpress\/ -->\n<title>Comp\u00e9tition individuelle d\u00e9partementale 2025-2026 - Eclat Rythmique Val de Sa\u00f4ne<\/title>\n<meta name=\"description\" content=\"La comp\u00e9tition individuelle d\u00e9partementale fut la 1\u00e8re comp\u00e9tition de la saison 2025-2026. Nous sommes fi\u00e8res de nos gyms\" \/>\n<meta name=\"robots\" content=\"index, follow, max-snippet:-1, max-image-preview:large, max-video-preview:-1\" \/>\n<link rel=\"canonical\" href=\"https:\/\/www.gr-eclat01.fr\/index.php\/2025\/11\/10\/competition-individuelle-departementale-2025-2026\/\" \/>\n<meta property=\"og:locale\" content=\"fr_FR\" \/>\n<meta property=\"og:type\" content=\"article\" \/>\n<meta property=\"og:title\" content=\"Comp\u00e9tition individuelle d\u00e9partementale 2025-2026 - Eclat Rythmique Val de Sa\u00f4ne\" \/>\n<meta property=\"og:description\" content=\"La comp\u00e9tition individuelle d\u00e9partementale fut la 1\u00e8re comp\u00e9tition de la saison 2025-2026. Nous sommes fi\u00e8res de nos gyms\" \/>\n<meta property=\"og:url\" content=\"https:\/\/www.gr-eclat01.fr\/index.php\/2025\/11\/10\/competition-individuelle-departementale-2025-2026\/\" \/>\n<meta property=\"og:site_name\" content=\"Eclat Rythmique Val de Sa\u00f4ne\" \/>\n<meta property=\"article:published_time\" content=\"2025-11-10T10:40:21+00:00\" \/>\n<meta property=\"article:modified_time\" content=\"2025-11-10T10:50:14+00:00\" \/>\n<meta property=\"og:image\" content=\"https:\/\/www.gr-eclat01.fr\/wp-content\/uploads\/2025\/11\/WhatsApp-Image-2025-11-10-a-11.41.27_5ae095df.jpg\" \/>\n\t<meta property=\"og:image:width\" content=\"1600\" \/>\n\t<meta property=\"og:image:height\" content=\"1200\" \/>\n\t<meta property=\"og:image:type\" content=\"image\/jpeg\" \/>\n<meta name=\"author\" content=\"Sol\u00e8ne\" \/>\n<meta name=\"twitter:card\" content=\"summary_large_image\" \/>\n<meta name=\"twitter:label1\" content=\"\u00c9crit par\" \/>\n\t<meta name=\"twitter:data1\" content=\"Sol\u00e8ne\" \/>\n\t<meta name=\"twitter:label2\" content=\"Dur\u00e9e de lecture estim\u00e9e\" \/>\n\t<meta name=\"twitter:data2\" content=\"6 minutes\" \/>\n<script type=\"application\/ld+json\" class=\"yoast-schema-graph\">{\"@context\":\"https:\\\/\\\/schema.org\",\"@graph\":[{\"@type\":\"Article\",\"@id\":\"https:\\\/\\\/www.gr-eclat01.fr\\\/index.php\\\/2025\\\/11\\\/10\\\/competition-individuelle-departementale-2025-2026\\\/#article\",\"isPartOf\":{\"@id\":\"https:\\\/\\\/www.gr-eclat01.fr\\\/index.php\\\/2025\\\/11\\\/10\\\/competition-individuelle-departementale-2025-2026\\\/\"},\"author\":{\"name\":\"Sol\u00e8ne\",\"@id\":\"https:\\\/\\\/www.gr-eclat01.fr\\\/#\\\/schema\\\/person\\\/f0ac7a803c78a1080f94705b6655c88d\"},\"headline\":\"Comp\u00e9tition individuelle d\u00e9partementale 2025-2026\",\"datePublished\":\"2025-11-10T10:40:21+00:00\",\"dateModified\":\"2025-11-10T10:50:14+00:00\",\"mainEntityOfPage\":{\"@id\":\"https:\\\/\\\/www.gr-eclat01.fr\\\/index.php\\\/2025\\\/11\\\/10\\\/competition-individuelle-departementale-2025-2026\\\/\"},\"wordCount\":978,\"commentCount\":0,\"publisher\":{\"@id\":\"https:\\\/\\\/www.gr-eclat01.fr\\\/#organization\"},\"image\":{\"@id\":\"https:\\\/\\\/www.gr-eclat01.fr\\\/index.php\\\/2025\\\/11\\\/10\\\/competition-individuelle-departementale-2025-2026\\\/#primaryimage\"},\"thumbnailUrl\":\"https:\\\/\\\/www.gr-eclat01.fr\\\/wp-content\\\/uploads\\\/2025\\\/11\\\/WhatsApp-Image-2025-11-10-a-11.41.27_5ae095df.jpg\",\"articleSection\":[\"Actualit\u00e9s\"],\"inLanguage\":\"fr-FR\",\"potentialAction\":[{\"@type\":\"CommentAction\",\"name\":\"Comment\",\"target\":[\"https:\\\/\\\/www.gr-eclat01.fr\\\/index.php\\\/2025\\\/11\\\/10\\\/competition-individuelle-departementale-2025-2026\\\/#respond\"]}]},{\"@type\":\"WebPage\",\"@id\":\"https:\\\/\\\/www.gr-eclat01.fr\\\/index.php\\\/2025\\\/11\\\/10\\\/competition-individuelle-departementale-2025-2026\\\/\",\"url\":\"https:\\\/\\\/www.gr-eclat01.fr\\\/index.php\\\/2025\\\/11\\\/10\\\/competition-individuelle-departementale-2025-2026\\\/\",\"name\":\"Comp\u00e9tition individuelle d\u00e9partementale 2025-2026 - Eclat Rythmique Val de Sa\u00f4ne\",\"isPartOf\":{\"@id\":\"https:\\\/\\\/www.gr-eclat01.fr\\\/#website\"},\"primaryImageOfPage\":{\"@id\":\"https:\\\/\\\/www.gr-eclat01.fr\\\/index.php\\\/2025\\\/11\\\/10\\\/competition-individuelle-departementale-2025-2026\\\/#primaryimage\"},\"image\":{\"@id\":\"https:\\\/\\\/www.gr-eclat01.fr\\\/index.php\\\/2025\\\/11\\\/10\\\/competition-individuelle-departementale-2025-2026\\\/#primaryimage\"},\"thumbnailUrl\":\"https:\\\/\\\/www.gr-eclat01.fr\\\/wp-content\\\/uploads\\\/2025\\\/11\\\/WhatsApp-Image-2025-11-10-a-11.41.27_5ae095df.jpg\",\"datePublished\":\"2025-11-10T10:40:21+00:00\",\"dateModified\":\"2025-11-10T10:50:14+00:00\",\"description\":\"La comp\u00e9tition individuelle d\u00e9partementale fut la 1\u00e8re comp\u00e9tition de la saison 2025-2026. Nous sommes fi\u00e8res de nos gyms\",\"breadcrumb\":{\"@id\":\"https:\\\/\\\/www.gr-eclat01.fr\\\/index.php\\\/2025\\\/11\\\/10\\\/competition-individuelle-departementale-2025-2026\\\/#breadcrumb\"},\"inLanguage\":\"fr-FR\",\"potentialAction\":[{\"@type\":\"ReadAction\",\"target\":[\"https:\\\/\\\/www.gr-eclat01.fr\\\/index.php\\\/2025\\\/11\\\/10\\\/competition-individuelle-departementale-2025-2026\\\/\"]}]},{\"@type\":\"ImageObject\",\"inLanguage\":\"fr-FR\",\"@id\":\"https:\\\/\\\/www.gr-eclat01.fr\\\/index.php\\\/2025\\\/11\\\/10\\\/competition-individuelle-departementale-2025-2026\\\/#primaryimage\",\"url\":\"https:\\\/\\\/www.gr-eclat01.fr\\\/wp-content\\\/uploads\\\/2025\\\/11\\\/WhatsApp-Image-2025-11-10-a-11.41.27_5ae095df.jpg\",\"contentUrl\":\"https:\\\/\\\/www.gr-eclat01.fr\\\/wp-content\\\/uploads\\\/2025\\\/11\\\/WhatsApp-Image-2025-11-10-a-11.41.27_5ae095df.jpg\",\"width\":1600,\"height\":1200,\"caption\":\"gymnastique rythmique ain\"},{\"@type\":\"BreadcrumbList\",\"@id\":\"https:\\\/\\\/www.gr-eclat01.fr\\\/index.php\\\/2025\\\/11\\\/10\\\/competition-individuelle-departementale-2025-2026\\\/#breadcrumb\",\"itemListElement\":[{\"@type\":\"ListItem\",\"position\":1,\"name\":\"Accueil\",\"item\":\"https:\\\/\\\/www.gr-eclat01.fr\\\/\"},{\"@type\":\"ListItem\",\"position\":2,\"name\":\"Comp\u00e9tition individuelle d\u00e9partementale 2025-2026\"}]},{\"@type\":\"WebSite\",\"@id\":\"https:\\\/\\\/www.gr-eclat01.fr\\\/#website\",\"url\":\"https:\\\/\\\/www.gr-eclat01.fr\\\/\",\"name\":\"Eclat Rythmique Val de Sa\u00f4ne\",\"description\":\"Eclat Rythmique Val de Sa\u00f4ne\",\"publisher\":{\"@id\":\"https:\\\/\\\/www.gr-eclat01.fr\\\/#organization\"},\"potentialAction\":[{\"@type\":\"SearchAction\",\"target\":{\"@type\":\"EntryPoint\",\"urlTemplate\":\"https:\\\/\\\/www.gr-eclat01.fr\\\/?s={search_term_string}\"},\"query-input\":{\"@type\":\"PropertyValueSpecification\",\"valueRequired\":true,\"valueName\":\"search_term_string\"}}],\"inLanguage\":\"fr-FR\"},{\"@type\":\"Organization\",\"@id\":\"https:\\\/\\\/www.gr-eclat01.fr\\\/#organization\",\"name\":\"Eclat Rythmique Val de Sa\u00f4ne\",\"url\":\"https:\\\/\\\/www.gr-eclat01.fr\\\/\",\"logo\":{\"@type\":\"ImageObject\",\"inLanguage\":\"fr-FR\",\"@id\":\"https:\\\/\\\/www.gr-eclat01.fr\\\/#\\\/schema\\\/logo\\\/image\\\/\",\"url\":\"https:\\\/\\\/www.gr-eclat01.fr\\\/wp-content\\\/uploads\\\/2026\\\/04\\\/cropped-logo-2026-1.png\",\"contentUrl\":\"https:\\\/\\\/www.gr-eclat01.fr\\\/wp-content\\\/uploads\\\/2026\\\/04\\\/cropped-logo-2026-1.png\",\"width\":375,\"height\":229,\"caption\":\"Eclat Rythmique Val de Sa\u00f4ne\"},\"image\":{\"@id\":\"https:\\\/\\\/www.gr-eclat01.fr\\\/#\\\/schema\\\/logo\\\/image\\\/\"}},{\"@type\":\"Person\",\"@id\":\"https:\\\/\\\/www.gr-eclat01.fr\\\/#\\\/schema\\\/person\\\/f0ac7a803c78a1080f94705b6655c88d\",\"name\":\"Sol\u00e8ne\",\"image\":{\"@type\":\"ImageObject\",\"inLanguage\":\"fr-FR\",\"@id\":\"https:\\\/\\\/secure.gravatar.com\\\/avatar\\\/18d7171921351bbde9a48f73fb21470bde10e15432831aa662b11c7bf9510e0f?s=96&d=mm&r=g\",\"url\":\"https:\\\/\\\/secure.gravatar.com\\\/avatar\\\/18d7171921351bbde9a48f73fb21470bde10e15432831aa662b11c7bf9510e0f?s=96&d=mm&r=g\",\"contentUrl\":\"https:\\\/\\\/secure.gravatar.com\\\/avatar\\\/18d7171921351bbde9a48f73fb21470bde10e15432831aa662b11c7bf9510e0f?s=96&d=mm&r=g\",\"caption\":\"Sol\u00e8ne\"},\"sameAs\":[\"http:\\\/\\\/gr-eclat01.fr\"],\"url\":\"https:\\\/\\\/www.gr-eclat01.fr\\\/index.php\\\/author\\\/admin7673\\\/\"}]}<\/script>\n<!-- \/ Yoast SEO plugin. -->","yoast_head_json":{"title":"Comp\u00e9tition individuelle d\u00e9partementale 2025-2026 - Eclat Rythmique Val de Sa\u00f4ne","description":"La comp\u00e9tition individuelle d\u00e9partementale fut la 1\u00e8re comp\u00e9tition de la saison 2025-2026. Nous sommes fi\u00e8res de nos gyms","robots":{"index":"index","follow":"follow","max-snippet":"max-snippet:-1","max-image-preview":"max-image-preview:large","max-video-preview":"max-video-preview:-1"},"canonical":"https:\/\/www.gr-eclat01.fr\/index.php\/2025\/11\/10\/competition-individuelle-departementale-2025-2026\/","og_locale":"fr_FR","og_type":"article","og_title":"Comp\u00e9tition individuelle d\u00e9partementale 2025-2026 - Eclat Rythmique Val de Sa\u00f4ne","og_description":"La comp\u00e9tition individuelle d\u00e9partementale fut la 1\u00e8re comp\u00e9tition de la saison 2025-2026. Nous sommes fi\u00e8res de nos gyms","og_url":"https:\/\/www.gr-eclat01.fr\/index.php\/2025\/11\/10\/competition-individuelle-departementale-2025-2026\/","og_site_name":"Eclat Rythmique Val de Sa\u00f4ne","article_published_time":"2025-11-10T10:40:21+00:00","article_modified_time":"2025-11-10T10:50:14+00:00","og_image":[{"width":1600,"height":1200,"url":"https:\/\/www.gr-eclat01.fr\/wp-content\/uploads\/2025\/11\/WhatsApp-Image-2025-11-10-a-11.41.27_5ae095df.jpg","type":"image\/jpeg"}],"author":"Sol\u00e8ne","twitter_card":"summary_large_image","twitter_misc":{"\u00c9crit par":"Sol\u00e8ne","Dur\u00e9e de lecture estim\u00e9e":"6 minutes"},"schema":{"@context":"https:\/\/schema.org","@graph":[{"@type":"Article","@id":"https:\/\/www.gr-eclat01.fr\/index.php\/2025\/11\/10\/competition-individuelle-departementale-2025-2026\/#article","isPartOf":{"@id":"https:\/\/www.gr-eclat01.fr\/index.php\/2025\/11\/10\/competition-individuelle-departementale-2025-2026\/"},"author":{"name":"Sol\u00e8ne","@id":"https:\/\/www.gr-eclat01.fr\/#\/schema\/person\/f0ac7a803c78a1080f94705b6655c88d"},"headline":"Comp\u00e9tition individuelle d\u00e9partementale 2025-2026","datePublished":"2025-11-10T10:40:21+00:00","dateModified":"2025-11-10T10:50:14+00:00","mainEntityOfPage":{"@id":"https:\/\/www.gr-eclat01.fr\/index.php\/2025\/11\/10\/competition-individuelle-departementale-2025-2026\/"},"wordCount":978,"commentCount":0,"publisher":{"@id":"https:\/\/www.gr-eclat01.fr\/#organization"},"image":{"@id":"https:\/\/www.gr-eclat01.fr\/index.php\/2025\/11\/10\/competition-individuelle-departementale-2025-2026\/#primaryimage"},"thumbnailUrl":"https:\/\/www.gr-eclat01.fr\/wp-content\/uploads\/2025\/11\/WhatsApp-Image-2025-11-10-a-11.41.27_5ae095df.jpg","articleSection":["Actualit\u00e9s"],"inLanguage":"fr-FR","potentialAction":[{"@type":"CommentAction","name":"Comment","target":["https:\/\/www.gr-eclat01.fr\/index.php\/2025\/11\/10\/competition-individuelle-departementale-2025-2026\/#respond"]}]},{"@type":"WebPage","@id":"https:\/\/www.gr-eclat01.fr\/index.php\/2025\/11\/10\/competition-individuelle-departementale-2025-2026\/","url":"https:\/\/www.gr-eclat01.fr\/index.php\/2025\/11\/10\/competition-individuelle-departementale-2025-2026\/","name":"Comp\u00e9tition individuelle d\u00e9partementale 2025-2026 - Eclat Rythmique Val de Sa\u00f4ne","isPartOf":{"@id":"https:\/\/www.gr-eclat01.fr\/#website"},"primaryImageOfPage":{"@id":"https:\/\/www.gr-eclat01.fr\/index.php\/2025\/11\/10\/competition-individuelle-departementale-2025-2026\/#primaryimage"},"image":{"@id":"https:\/\/www.gr-eclat01.fr\/index.php\/2025\/11\/10\/competition-individuelle-departementale-2025-2026\/#primaryimage"},"thumbnailUrl":"https:\/\/www.gr-eclat01.fr\/wp-content\/uploads\/2025\/11\/WhatsApp-Image-2025-11-10-a-11.41.27_5ae095df.jpg","datePublished":"2025-11-10T10:40:21+00:00","dateModified":"2025-11-10T10:50:14+00:00","description":"La comp\u00e9tition individuelle d\u00e9partementale fut la 1\u00e8re comp\u00e9tition de la saison 2025-2026. Nous sommes fi\u00e8res de nos gyms","breadcrumb":{"@id":"https:\/\/www.gr-eclat01.fr\/index.php\/2025\/11\/10\/competition-individuelle-departementale-2025-2026\/#breadcrumb"},"inLanguage":"fr-FR","potentialAction":[{"@type":"ReadAction","target":["https:\/\/www.gr-eclat01.fr\/index.php\/2025\/11\/10\/competition-individuelle-departementale-2025-2026\/"]}]},{"@type":"ImageObject","inLanguage":"fr-FR","@id":"https:\/\/www.gr-eclat01.fr\/index.php\/2025\/11\/10\/competition-individuelle-departementale-2025-2026\/#primaryimage","url":"https:\/\/www.gr-eclat01.fr\/wp-content\/uploads\/2025\/11\/WhatsApp-Image-2025-11-10-a-11.41.27_5ae095df.jpg","contentUrl":"https:\/\/www.gr-eclat01.fr\/wp-content\/uploads\/2025\/11\/WhatsApp-Image-2025-11-10-a-11.41.27_5ae095df.jpg","width":1600,"height":1200,"caption":"gymnastique rythmique ain"},{"@type":"BreadcrumbList","@id":"https:\/\/www.gr-eclat01.fr\/index.php\/2025\/11\/10\/competition-individuelle-departementale-2025-2026\/#breadcrumb","itemListElement":[{"@type":"ListItem","position":1,"name":"Accueil","item":"https:\/\/www.gr-eclat01.fr\/"},{"@type":"ListItem","position":2,"name":"Comp\u00e9tition individuelle d\u00e9partementale 2025-2026"}]},{"@type":"WebSite","@id":"https:\/\/www.gr-eclat01.fr\/#website","url":"https:\/\/www.gr-eclat01.fr\/","name":"Eclat Rythmique Val de Sa\u00f4ne","description":"Eclat Rythmique Val de Sa\u00f4ne","publisher":{"@id":"https:\/\/www.gr-eclat01.fr\/#organization"},"potentialAction":[{"@type":"SearchAction","target":{"@type":"EntryPoint","urlTemplate":"https:\/\/www.gr-eclat01.fr\/?s={search_term_string}"},"query-input":{"@type":"PropertyValueSpecification","valueRequired":true,"valueName":"search_term_string"}}],"inLanguage":"fr-FR"},{"@type":"Organization","@id":"https:\/\/www.gr-eclat01.fr\/#organization","name":"Eclat Rythmique Val de Sa\u00f4ne","url":"https:\/\/www.gr-eclat01.fr\/","logo":{"@type":"ImageObject","inLanguage":"fr-FR","@id":"https:\/\/www.gr-eclat01.fr\/#\/schema\/logo\/image\/","url":"https:\/\/www.gr-eclat01.fr\/wp-content\/uploads\/2026\/04\/cropped-logo-2026-1.png","contentUrl":"https:\/\/www.gr-eclat01.fr\/wp-content\/uploads\/2026\/04\/cropped-logo-2026-1.png","width":375,"height":229,"caption":"Eclat Rythmique Val de Sa\u00f4ne"},"image":{"@id":"https:\/\/www.gr-eclat01.fr\/#\/schema\/logo\/image\/"}},{"@type":"Person","@id":"https:\/\/www.gr-eclat01.fr\/#\/schema\/person\/f0ac7a803c78a1080f94705b6655c88d","name":"Sol\u00e8ne","image":{"@type":"ImageObject","inLanguage":"fr-FR","@id":"https:\/\/secure.gravatar.com\/avatar\/18d7171921351bbde9a48f73fb21470bde10e15432831aa662b11c7bf9510e0f?s=96&d=mm&r=g","url":"https:\/\/secure.gravatar.com\/avatar\/18d7171921351bbde9a48f73fb21470bde10e15432831aa662b11c7bf9510e0f?s=96&d=mm&r=g","contentUrl":"https:\/\/secure.gravatar.com\/avatar\/18d7171921351bbde9a48f73fb21470bde10e15432831aa662b11c7bf9510e0f?s=96&d=mm&r=g","caption":"Sol\u00e8ne"},"sameAs":["http:\/\/gr-eclat01.fr"],"url":"https:\/\/www.gr-eclat01.fr\/index.php\/author\/admin7673\/"}]}},"jetpack_featured_media_url":"https:\/\/www.gr-eclat01.fr\/wp-content\/uploads\/2025\/11\/WhatsApp-Image-2025-11-10-a-11.41.27_5ae095df.jpg","jetpack_sharing_enabled":true,"_links":{"self":[{"href":"https:\/\/www.gr-eclat01.fr\/index.php\/wp-json\/wp\/v2\/posts\/1623","targetHints":{"allow":["GET"]}}],"collection":[{"href":"https:\/\/www.gr-eclat01.fr\/index.php\/wp-json\/wp\/v2\/posts"}],"about":[{"href":"https:\/\/www.gr-eclat01.fr\/index.php\/wp-json\/wp\/v2\/types\/post"}],"author":[{"embeddable":true,"href":"https:\/\/www.gr-eclat01.fr\/index.php\/wp-json\/wp\/v2\/users\/1"}],"replies":[{"embeddable":true,"href":"https:\/\/www.gr-eclat01.fr\/index.php\/wp-json\/wp\/v2\/comments?post=1623"}],"version-history":[{"count":8,"href":"https:\/\/www.gr-eclat01.fr\/index.php\/wp-json\/wp\/v2\/posts\/1623\/revisions"}],"predecessor-version":[{"id":1636,"href":"https:\/\/www.gr-eclat01.fr\/index.php\/wp-json\/wp\/v2\/posts\/1623\/revisions\/1636"}],"wp:featuredmedia":[{"embeddable":true,"href":"https:\/\/www.gr-eclat01.fr\/index.php\/wp-json\/wp\/v2\/media\/1625"}],"wp:attachment":[{"href":"https:\/\/www.gr-eclat01.fr\/index.php\/wp-json\/wp\/v2\/media?parent=1623"}],"wp:term":[{"taxonomy":"category","embeddable":true,"href":"https:\/\/www.gr-eclat01.fr\/index.php\/wp-json\/wp\/v2\/categories?post=1623"},{"taxonomy":"post_tag","embeddable":true,"href":"https:\/\/www.gr-eclat01.fr\/index.php\/wp-json\/wp\/v2\/tags?post=1623"}],"curies":[{"name":"wp","href":"https:\/\/api.w.org\/{rel}","templated":true}]}}