{"id":1127,"date":"2025-01-16T20:20:16","date_gmt":"2025-01-16T19:20:16","guid":{"rendered":"https:\/\/www.gr-eclat01.fr\/?p=1127"},"modified":"2025-01-16T20:22:01","modified_gmt":"2025-01-16T19:22:01","slug":"gala-de-noel","status":"publish","type":"post","link":"https:\/\/www.gr-eclat01.fr\/index.php\/2025\/01\/16\/gala-de-noel\/","title":{"rendered":"Gala de no\u00ebl 2024"},"content":{"rendered":"\t\t<div data-elementor-type=\"wp-post\" data-elementor-id=\"1127\" class=\"elementor elementor-1127\">\n\t\t\t\t<div class=\"elementor-element elementor-element-941b64b e-flex e-con-boxed wpr-particle-no wpr-jarallax-no wpr-parallax-no wpr-sticky-section-no wpr-equal-height-no e-con e-parent\" data-id=\"941b64b\" data-element_type=\"container\">\n\t\t\t\t\t<div class=\"e-con-inner\">\n\t\t\t\t<div class=\"elementor-element elementor-element-968512b elementor-widget elementor-widget-text-editor\" data-id=\"968512b\" data-element_type=\"widget\" data-widget_type=\"text-editor.default\">\n\t\t\t\t<div class=\"elementor-widget-container\">\n\t\t\t\t\t\t\t\t\t<h2 data-sourcepos=\"1:1-1:48\">Un Gala de No\u00ebl Magique Malgr\u00e9 les Impr\u00e9vus !<\/h2><p data-sourcepos=\"3:1-3:305\">Samedi 14 d\u00e9cembre, la magie de No\u00ebl a envahi le gymnase de Saint Didier sur Chalaronne \u00e0 l&rsquo;occasion du 1er gala de fin d&rsquo;ann\u00e9e de notre club de gymnastique rythmique. Une soir\u00e9e m\u00e9morable, riche en \u00e9motions et en performances, qui a rassembl\u00e9 pas moins de 80 gymnastes et plus de 250 spectateurs enthousiastes.<\/p><p data-sourcepos=\"5:1-5:488\">D\u00e8s 10h du matin, une trentaine de b\u00e9n\u00e9voles d\u00e9vou\u00e9s se sont mobilis\u00e9s et relay\u00e9s pour transformer la salle en un v\u00e9ritable \u00e9crin de f\u00eate. D\u00e9corations scintillantes, installation de la buvette, affichage, mise en place des tables, des chaises et des barnums\u2026 Rien n&rsquo;a \u00e9t\u00e9 laiss\u00e9 au hasard pour accueillir chaleureusement les familles et les amis venus encourager nos jeunes talents. Un travail d\u2019\u00e9quipe remarquable qui a permis de cr\u00e9er une ambiance festive et conviviale d\u00e8s l\u2019ouverture des portes.<\/p><p data-sourcepos=\"7:1-7:612\">Le spectacle, d&rsquo;une dur\u00e9e d&rsquo;1h30, a offert un v\u00e9ritable festival de gr\u00e2ce, de dynamisme et de ma\u00eetrise. Nos 80 gymnastes, des plus jeunes aux plus exp\u00e9riment\u00e9es, ont pr\u00e9sent\u00e9 des chor\u00e9graphies originales et entra\u00eenantes, mettant en lumi\u00e8re le travail accompli tout au long de cette premi\u00e8re partie de saison. Chaque passage sur le praticable \u00e9tait une invitation au voyage, un moment de partage et d&rsquo;\u00e9merveillement. Les applaudissements nourris et les encouragements chaleureux du public ont r\u00e9sonn\u00e9 dans toute la salle, t\u00e9moignant de l&rsquo;admiration et de la fiert\u00e9 suscit\u00e9es par les performances de nos gymnastes.<\/p><p data-sourcepos=\"9:1-9:588\">Cependant, comme tout \u00e9v\u00e9nement d\u2019envergure, cette soir\u00e9e n&rsquo;a pas \u00e9t\u00e9 exempte d&rsquo;impr\u00e9vus. De nombreuses coupures de courant sont venues perturber le bon d\u00e9roulement du spectacle, ajoutant un d\u00e9fi technique inattendu. De plus, une alarme incendie, d\u00e9clench\u00e9e involontairement par un enfant, a sem\u00e9 un bref moment de confusion. Ces incidents, bien que source de stress et de quelques sueurs froides pour l&rsquo;\u00e9quipe organisatrice, n&rsquo;ont en rien entam\u00e9 la bonne humeur g\u00e9n\u00e9rale et n&rsquo;ont pas g\u00e2ch\u00e9 la f\u00eate. Au contraire, ils ont m\u00eame renforc\u00e9 la solidarit\u00e9 et la r\u00e9activit\u00e9 de tous les pr\u00e9sents.<\/p><p data-sourcepos=\"11:1-11:377\">Face \u00e0 ces impr\u00e9vus, l&rsquo;\u00e9quipe d&rsquo;organisation a su faire preuve d&rsquo;une grande adaptabilit\u00e9 et d&rsquo;un sang-froid exemplaire. Gr\u00e2ce \u00e0 leur professionnalisme et \u00e0 leur sens de l&rsquo;improvisation, ils ont r\u00e9ussi \u00e0 g\u00e9rer les situations avec efficacit\u00e9 et \u00e0 maintenir le rythme du spectacle. Un grand bravo \u00e0 ces b\u00e9n\u00e9voles qui ont \u0153uvr\u00e9 dans l&rsquo;ombre pour assurer le succ\u00e8s de cette soir\u00e9e !<\/p><p data-sourcepos=\"13:1-13:381\">Malgr\u00e9 ces quelques p\u00e9rip\u00e9ties, le bilan de ce gala de No\u00ebl est plus que positif. Les sourires radieux sur les visages des gymnastes et les nombreux messages de f\u00e9licitations re\u00e7us par le club t\u00e9moignent de la satisfaction g\u00e9n\u00e9rale. Les parents \u00e9taient ravis d&rsquo;avoir pu admirer les progr\u00e8s de leurs enfants et de partager un moment de convivialit\u00e9 avec les autres familles du club.<\/p><p data-sourcepos=\"15:1-15:424\">Ce premier \u00e9v\u00e9nement a \u00e9t\u00e9 une v\u00e9ritable r\u00e9ussite et une exp\u00e9rience enrichissante pour toute l&rsquo;\u00e9quipe. Il nous a permis de tirer des enseignements pr\u00e9cieux et de nous pr\u00e9parer au mieux pour le gala de fin d&rsquo;ann\u00e9e, qui aura lieu le 14 juin au gymnase de Montceau, et qui s&rsquo;annonce d&rsquo;ores et d\u00e9j\u00e0 comme un \u00e9v\u00e9nement encore plus important. Nous avons h\u00e2te de vous retrouver nombreux pour c\u00e9l\u00e9brer ensemble une nouvelle ann\u00e9e de gymnastique rythmique !<\/p><p data-sourcepos=\"17:1-17:22\"><strong>Un immense merci :<\/strong><\/p><ul data-sourcepos=\"19:1-23:0\"><li data-sourcepos=\"19:1-19:59\">\u00c0 tous les b\u00e9n\u00e9voles pour leur implication sans faille.<\/li><li data-sourcepos=\"20:1-20:53\">\u00c0 nos gymnastes pour leur talent et leur passion.<\/li><li data-sourcepos=\"21:1-21:63\">Aux parents et aux familles pour leur soutien ind\u00e9fectible.<\/li><li data-sourcepos=\"22:1-23:0\">\u00c0 nos partenaires et sponsors pour leur contribution.<\/li><\/ul><p data-sourcepos=\"24:1-24:28\"><strong>Rendez-vous le 14 juin !<\/strong><\/p>\t\t\t\t\t\t\t\t<\/div>\n\t\t\t\t<\/div>\n\t\t\t\t\t<\/div>\n\t\t\t\t<\/div>\n\t\t<div class=\"elementor-element elementor-element-f904f5b e-flex e-con-boxed wpr-particle-no wpr-jarallax-no wpr-parallax-no wpr-sticky-section-no wpr-equal-height-no e-con e-parent\" data-id=\"f904f5b\" data-element_type=\"container\">\n\t\t\t\t\t<div class=\"e-con-inner\">\n\t\t\t\t<div class=\"elementor-element elementor-element-c0cd1ad elementor-widget elementor-widget-image\" data-id=\"c0cd1ad\" data-element_type=\"widget\" data-widget_type=\"image.default\">\n\t\t\t\t<div class=\"elementor-widget-container\">\n\t\t\t\t\t\t\t\t\t\t\t\t\t\t\t<img fetchpriority=\"high\" decoding=\"async\" width=\"1024\" height=\"768\" src=\"https:\/\/www.gr-eclat01.fr\/wp-content\/uploads\/2025\/01\/WhatsApp-Image-2025-01-16-a-20.13.53_ec74185b-2-1024x768.jpg\" class=\"attachment-large size-large wp-image-1129\" alt=\"\" srcset=\"https:\/\/www.gr-eclat01.fr\/wp-content\/uploads\/2025\/01\/WhatsApp-Image-2025-01-16-a-20.13.53_ec74185b-2-1024x768.jpg 1024w, https:\/\/www.gr-eclat01.fr\/wp-content\/uploads\/2025\/01\/WhatsApp-Image-2025-01-16-a-20.13.53_ec74185b-2-300x225.jpg 300w, https:\/\/www.gr-eclat01.fr\/wp-content\/uploads\/2025\/01\/WhatsApp-Image-2025-01-16-a-20.13.53_ec74185b-2-768x576.jpg 768w, https:\/\/www.gr-eclat01.fr\/wp-content\/uploads\/2025\/01\/WhatsApp-Image-2025-01-16-a-20.13.53_ec74185b-2-1536x1152.jpg 1536w, https:\/\/www.gr-eclat01.fr\/wp-content\/uploads\/2025\/01\/WhatsApp-Image-2025-01-16-a-20.13.53_ec74185b-2.jpg 1600w\" sizes=\"(max-width: 1024px) 100vw, 1024px\" \/>\t\t\t\t\t\t\t\t\t\t\t\t\t\t\t<\/div>\n\t\t\t\t<\/div>\n\t\t\t\t\t<\/div>\n\t\t\t\t<\/div>\n\t\t\t\t<\/div>\n\t\t","protected":false},"excerpt":{"rendered":"<p>Le 1er gala de no\u00ebl de l&rsquo;Eclat Rythmique fut fort en \u00e9motions ! gymnastes et parents ont ador\u00e9 le moment.<\/p>\n","protected":false},"author":1,"featured_media":0,"comment_status":"open","ping_status":"open","sticky":false,"template":"","format":"standard","meta":{"_jetpack_memberships_contains_paid_content":false,"footnotes":""},"categories":[11],"tags":[],"class_list":["post-1127","post","type-post","status-publish","format-standard","hentry","category-actualites-eclatrythmiquevaldesaone","entry"],"yoast_head":"<!-- This site is optimized with the Yoast SEO plugin v27.5 - https:\/\/yoast.com\/product\/yoast-seo-wordpress\/ -->\n<title>Gala de no\u00ebl 2024 - Eclat Rythmique Val de Sa\u00f4ne<\/title>\n<meta name=\"description\" content=\"Le 1er gala de no\u00ebl de l&#039;eclat rythmique a eu lieu le samedi 14 d\u00e9cembre 2024. Plus de 250 spectateurs \u00e9taient pr\u00e9sents.\" \/>\n<meta name=\"robots\" content=\"index, follow, max-snippet:-1, max-image-preview:large, max-video-preview:-1\" \/>\n<link rel=\"canonical\" href=\"https:\/\/www.gr-eclat01.fr\/index.php\/2025\/01\/16\/gala-de-noel\/\" \/>\n<meta property=\"og:locale\" content=\"fr_FR\" \/>\n<meta property=\"og:type\" content=\"article\" \/>\n<meta property=\"og:title\" content=\"Gala de no\u00ebl 2024 - Eclat Rythmique Val de Sa\u00f4ne\" \/>\n<meta property=\"og:description\" content=\"Le 1er gala de no\u00ebl de l&#039;eclat rythmique a eu lieu le samedi 14 d\u00e9cembre 2024. Plus de 250 spectateurs \u00e9taient pr\u00e9sents.\" \/>\n<meta property=\"og:url\" content=\"https:\/\/www.gr-eclat01.fr\/index.php\/2025\/01\/16\/gala-de-noel\/\" \/>\n<meta property=\"og:site_name\" content=\"Eclat Rythmique Val de Sa\u00f4ne\" \/>\n<meta property=\"article:published_time\" content=\"2025-01-16T19:20:16+00:00\" \/>\n<meta property=\"article:modified_time\" content=\"2025-01-16T19:22:01+00:00\" \/>\n<meta property=\"og:image\" content=\"https:\/\/www.gr-eclat01.fr\/wp-content\/uploads\/2025\/01\/WhatsApp-Image-2025-01-16-a-20.13.53_ec74185b-2-1024x768.jpg\" \/>\n<meta name=\"author\" content=\"Sol\u00e8ne\" \/>\n<meta name=\"twitter:card\" content=\"summary_large_image\" \/>\n<meta name=\"twitter:label1\" content=\"\u00c9crit par\" \/>\n\t<meta name=\"twitter:data1\" content=\"Sol\u00e8ne\" \/>\n\t<meta name=\"twitter:label2\" content=\"Dur\u00e9e de lecture estim\u00e9e\" \/>\n\t<meta name=\"twitter:data2\" content=\"4 minutes\" \/>\n<script type=\"application\/ld+json\" class=\"yoast-schema-graph\">{\"@context\":\"https:\\\/\\\/schema.org\",\"@graph\":[{\"@type\":\"Article\",\"@id\":\"https:\\\/\\\/www.gr-eclat01.fr\\\/index.php\\\/2025\\\/01\\\/16\\\/gala-de-noel\\\/#article\",\"isPartOf\":{\"@id\":\"https:\\\/\\\/www.gr-eclat01.fr\\\/index.php\\\/2025\\\/01\\\/16\\\/gala-de-noel\\\/\"},\"author\":{\"name\":\"Sol\u00e8ne\",\"@id\":\"https:\\\/\\\/www.gr-eclat01.fr\\\/#\\\/schema\\\/person\\\/f0ac7a803c78a1080f94705b6655c88d\"},\"headline\":\"Gala de no\u00ebl 2024\",\"datePublished\":\"2025-01-16T19:20:16+00:00\",\"dateModified\":\"2025-01-16T19:22:01+00:00\",\"mainEntityOfPage\":{\"@id\":\"https:\\\/\\\/www.gr-eclat01.fr\\\/index.php\\\/2025\\\/01\\\/16\\\/gala-de-noel\\\/\"},\"wordCount\":639,\"commentCount\":0,\"publisher\":{\"@id\":\"https:\\\/\\\/www.gr-eclat01.fr\\\/#organization\"},\"image\":{\"@id\":\"https:\\\/\\\/www.gr-eclat01.fr\\\/index.php\\\/2025\\\/01\\\/16\\\/gala-de-noel\\\/#primaryimage\"},\"thumbnailUrl\":\"https:\\\/\\\/www.gr-eclat01.fr\\\/wp-content\\\/uploads\\\/2025\\\/01\\\/WhatsApp-Image-2025-01-16-a-20.13.53_ec74185b-2-1024x768.jpg\",\"articleSection\":[\"Actualit\u00e9s\"],\"inLanguage\":\"fr-FR\",\"potentialAction\":[{\"@type\":\"CommentAction\",\"name\":\"Comment\",\"target\":[\"https:\\\/\\\/www.gr-eclat01.fr\\\/index.php\\\/2025\\\/01\\\/16\\\/gala-de-noel\\\/#respond\"]}]},{\"@type\":\"WebPage\",\"@id\":\"https:\\\/\\\/www.gr-eclat01.fr\\\/index.php\\\/2025\\\/01\\\/16\\\/gala-de-noel\\\/\",\"url\":\"https:\\\/\\\/www.gr-eclat01.fr\\\/index.php\\\/2025\\\/01\\\/16\\\/gala-de-noel\\\/\",\"name\":\"Gala de no\u00ebl 2024 - Eclat Rythmique Val de Sa\u00f4ne\",\"isPartOf\":{\"@id\":\"https:\\\/\\\/www.gr-eclat01.fr\\\/#website\"},\"primaryImageOfPage\":{\"@id\":\"https:\\\/\\\/www.gr-eclat01.fr\\\/index.php\\\/2025\\\/01\\\/16\\\/gala-de-noel\\\/#primaryimage\"},\"image\":{\"@id\":\"https:\\\/\\\/www.gr-eclat01.fr\\\/index.php\\\/2025\\\/01\\\/16\\\/gala-de-noel\\\/#primaryimage\"},\"thumbnailUrl\":\"https:\\\/\\\/www.gr-eclat01.fr\\\/wp-content\\\/uploads\\\/2025\\\/01\\\/WhatsApp-Image-2025-01-16-a-20.13.53_ec74185b-2-1024x768.jpg\",\"datePublished\":\"2025-01-16T19:20:16+00:00\",\"dateModified\":\"2025-01-16T19:22:01+00:00\",\"description\":\"Le 1er gala de no\u00ebl de l'eclat rythmique a eu lieu le samedi 14 d\u00e9cembre 2024. Plus de 250 spectateurs \u00e9taient pr\u00e9sents.\",\"breadcrumb\":{\"@id\":\"https:\\\/\\\/www.gr-eclat01.fr\\\/index.php\\\/2025\\\/01\\\/16\\\/gala-de-noel\\\/#breadcrumb\"},\"inLanguage\":\"fr-FR\",\"potentialAction\":[{\"@type\":\"ReadAction\",\"target\":[\"https:\\\/\\\/www.gr-eclat01.fr\\\/index.php\\\/2025\\\/01\\\/16\\\/gala-de-noel\\\/\"]}]},{\"@type\":\"ImageObject\",\"inLanguage\":\"fr-FR\",\"@id\":\"https:\\\/\\\/www.gr-eclat01.fr\\\/index.php\\\/2025\\\/01\\\/16\\\/gala-de-noel\\\/#primaryimage\",\"url\":\"https:\\\/\\\/www.gr-eclat01.fr\\\/wp-content\\\/uploads\\\/2025\\\/01\\\/WhatsApp-Image-2025-01-16-a-20.13.53_ec74185b-2.jpg\",\"contentUrl\":\"https:\\\/\\\/www.gr-eclat01.fr\\\/wp-content\\\/uploads\\\/2025\\\/01\\\/WhatsApp-Image-2025-01-16-a-20.13.53_ec74185b-2.jpg\",\"width\":1600,\"height\":1200,\"caption\":\"les fondatrices du club ont re\u00e7u des fleurs pour les remercie\"},{\"@type\":\"BreadcrumbList\",\"@id\":\"https:\\\/\\\/www.gr-eclat01.fr\\\/index.php\\\/2025\\\/01\\\/16\\\/gala-de-noel\\\/#breadcrumb\",\"itemListElement\":[{\"@type\":\"ListItem\",\"position\":1,\"name\":\"Accueil\",\"item\":\"https:\\\/\\\/www.gr-eclat01.fr\\\/\"},{\"@type\":\"ListItem\",\"position\":2,\"name\":\"Gala de no\u00ebl 2024\"}]},{\"@type\":\"WebSite\",\"@id\":\"https:\\\/\\\/www.gr-eclat01.fr\\\/#website\",\"url\":\"https:\\\/\\\/www.gr-eclat01.fr\\\/\",\"name\":\"Eclat Rythmique Val de Sa\u00f4ne\",\"description\":\"Eclat Rythmique Val de Sa\u00f4ne\",\"publisher\":{\"@id\":\"https:\\\/\\\/www.gr-eclat01.fr\\\/#organization\"},\"potentialAction\":[{\"@type\":\"SearchAction\",\"target\":{\"@type\":\"EntryPoint\",\"urlTemplate\":\"https:\\\/\\\/www.gr-eclat01.fr\\\/?s={search_term_string}\"},\"query-input\":{\"@type\":\"PropertyValueSpecification\",\"valueRequired\":true,\"valueName\":\"search_term_string\"}}],\"inLanguage\":\"fr-FR\"},{\"@type\":\"Organization\",\"@id\":\"https:\\\/\\\/www.gr-eclat01.fr\\\/#organization\",\"name\":\"Eclat Rythmique Val de Sa\u00f4ne\",\"url\":\"https:\\\/\\\/www.gr-eclat01.fr\\\/\",\"logo\":{\"@type\":\"ImageObject\",\"inLanguage\":\"fr-FR\",\"@id\":\"https:\\\/\\\/www.gr-eclat01.fr\\\/#\\\/schema\\\/logo\\\/image\\\/\",\"url\":\"https:\\\/\\\/www.gr-eclat01.fr\\\/wp-content\\\/uploads\\\/2026\\\/04\\\/cropped-logo-2026-1.png\",\"contentUrl\":\"https:\\\/\\\/www.gr-eclat01.fr\\\/wp-content\\\/uploads\\\/2026\\\/04\\\/cropped-logo-2026-1.png\",\"width\":375,\"height\":229,\"caption\":\"Eclat Rythmique Val de Sa\u00f4ne\"},\"image\":{\"@id\":\"https:\\\/\\\/www.gr-eclat01.fr\\\/#\\\/schema\\\/logo\\\/image\\\/\"}},{\"@type\":\"Person\",\"@id\":\"https:\\\/\\\/www.gr-eclat01.fr\\\/#\\\/schema\\\/person\\\/f0ac7a803c78a1080f94705b6655c88d\",\"name\":\"Sol\u00e8ne\",\"image\":{\"@type\":\"ImageObject\",\"inLanguage\":\"fr-FR\",\"@id\":\"https:\\\/\\\/secure.gravatar.com\\\/avatar\\\/18d7171921351bbde9a48f73fb21470bde10e15432831aa662b11c7bf9510e0f?s=96&d=mm&r=g\",\"url\":\"https:\\\/\\\/secure.gravatar.com\\\/avatar\\\/18d7171921351bbde9a48f73fb21470bde10e15432831aa662b11c7bf9510e0f?s=96&d=mm&r=g\",\"contentUrl\":\"https:\\\/\\\/secure.gravatar.com\\\/avatar\\\/18d7171921351bbde9a48f73fb21470bde10e15432831aa662b11c7bf9510e0f?s=96&d=mm&r=g\",\"caption\":\"Sol\u00e8ne\"},\"sameAs\":[\"http:\\\/\\\/gr-eclat01.fr\"],\"url\":\"https:\\\/\\\/www.gr-eclat01.fr\\\/index.php\\\/author\\\/admin7673\\\/\"}]}<\/script>\n<!-- \/ Yoast SEO plugin. -->","yoast_head_json":{"title":"Gala de no\u00ebl 2024 - Eclat Rythmique Val de Sa\u00f4ne","description":"Le 1er gala de no\u00ebl de l'eclat rythmique a eu lieu le samedi 14 d\u00e9cembre 2024. Plus de 250 spectateurs \u00e9taient pr\u00e9sents.","robots":{"index":"index","follow":"follow","max-snippet":"max-snippet:-1","max-image-preview":"max-image-preview:large","max-video-preview":"max-video-preview:-1"},"canonical":"https:\/\/www.gr-eclat01.fr\/index.php\/2025\/01\/16\/gala-de-noel\/","og_locale":"fr_FR","og_type":"article","og_title":"Gala de no\u00ebl 2024 - Eclat Rythmique Val de Sa\u00f4ne","og_description":"Le 1er gala de no\u00ebl de l'eclat rythmique a eu lieu le samedi 14 d\u00e9cembre 2024. Plus de 250 spectateurs \u00e9taient pr\u00e9sents.","og_url":"https:\/\/www.gr-eclat01.fr\/index.php\/2025\/01\/16\/gala-de-noel\/","og_site_name":"Eclat Rythmique Val de Sa\u00f4ne","article_published_time":"2025-01-16T19:20:16+00:00","article_modified_time":"2025-01-16T19:22:01+00:00","og_image":[{"url":"https:\/\/www.gr-eclat01.fr\/wp-content\/uploads\/2025\/01\/WhatsApp-Image-2025-01-16-a-20.13.53_ec74185b-2-1024x768.jpg","type":"","width":"","height":""}],"author":"Sol\u00e8ne","twitter_card":"summary_large_image","twitter_misc":{"\u00c9crit par":"Sol\u00e8ne","Dur\u00e9e de lecture estim\u00e9e":"4 minutes"},"schema":{"@context":"https:\/\/schema.org","@graph":[{"@type":"Article","@id":"https:\/\/www.gr-eclat01.fr\/index.php\/2025\/01\/16\/gala-de-noel\/#article","isPartOf":{"@id":"https:\/\/www.gr-eclat01.fr\/index.php\/2025\/01\/16\/gala-de-noel\/"},"author":{"name":"Sol\u00e8ne","@id":"https:\/\/www.gr-eclat01.fr\/#\/schema\/person\/f0ac7a803c78a1080f94705b6655c88d"},"headline":"Gala de no\u00ebl 2024","datePublished":"2025-01-16T19:20:16+00:00","dateModified":"2025-01-16T19:22:01+00:00","mainEntityOfPage":{"@id":"https:\/\/www.gr-eclat01.fr\/index.php\/2025\/01\/16\/gala-de-noel\/"},"wordCount":639,"commentCount":0,"publisher":{"@id":"https:\/\/www.gr-eclat01.fr\/#organization"},"image":{"@id":"https:\/\/www.gr-eclat01.fr\/index.php\/2025\/01\/16\/gala-de-noel\/#primaryimage"},"thumbnailUrl":"https:\/\/www.gr-eclat01.fr\/wp-content\/uploads\/2025\/01\/WhatsApp-Image-2025-01-16-a-20.13.53_ec74185b-2-1024x768.jpg","articleSection":["Actualit\u00e9s"],"inLanguage":"fr-FR","potentialAction":[{"@type":"CommentAction","name":"Comment","target":["https:\/\/www.gr-eclat01.fr\/index.php\/2025\/01\/16\/gala-de-noel\/#respond"]}]},{"@type":"WebPage","@id":"https:\/\/www.gr-eclat01.fr\/index.php\/2025\/01\/16\/gala-de-noel\/","url":"https:\/\/www.gr-eclat01.fr\/index.php\/2025\/01\/16\/gala-de-noel\/","name":"Gala de no\u00ebl 2024 - Eclat Rythmique Val de Sa\u00f4ne","isPartOf":{"@id":"https:\/\/www.gr-eclat01.fr\/#website"},"primaryImageOfPage":{"@id":"https:\/\/www.gr-eclat01.fr\/index.php\/2025\/01\/16\/gala-de-noel\/#primaryimage"},"image":{"@id":"https:\/\/www.gr-eclat01.fr\/index.php\/2025\/01\/16\/gala-de-noel\/#primaryimage"},"thumbnailUrl":"https:\/\/www.gr-eclat01.fr\/wp-content\/uploads\/2025\/01\/WhatsApp-Image-2025-01-16-a-20.13.53_ec74185b-2-1024x768.jpg","datePublished":"2025-01-16T19:20:16+00:00","dateModified":"2025-01-16T19:22:01+00:00","description":"Le 1er gala de no\u00ebl de l'eclat rythmique a eu lieu le samedi 14 d\u00e9cembre 2024. Plus de 250 spectateurs \u00e9taient pr\u00e9sents.","breadcrumb":{"@id":"https:\/\/www.gr-eclat01.fr\/index.php\/2025\/01\/16\/gala-de-noel\/#breadcrumb"},"inLanguage":"fr-FR","potentialAction":[{"@type":"ReadAction","target":["https:\/\/www.gr-eclat01.fr\/index.php\/2025\/01\/16\/gala-de-noel\/"]}]},{"@type":"ImageObject","inLanguage":"fr-FR","@id":"https:\/\/www.gr-eclat01.fr\/index.php\/2025\/01\/16\/gala-de-noel\/#primaryimage","url":"https:\/\/www.gr-eclat01.fr\/wp-content\/uploads\/2025\/01\/WhatsApp-Image-2025-01-16-a-20.13.53_ec74185b-2.jpg","contentUrl":"https:\/\/www.gr-eclat01.fr\/wp-content\/uploads\/2025\/01\/WhatsApp-Image-2025-01-16-a-20.13.53_ec74185b-2.jpg","width":1600,"height":1200,"caption":"les fondatrices du club ont re\u00e7u des fleurs pour les remercie"},{"@type":"BreadcrumbList","@id":"https:\/\/www.gr-eclat01.fr\/index.php\/2025\/01\/16\/gala-de-noel\/#breadcrumb","itemListElement":[{"@type":"ListItem","position":1,"name":"Accueil","item":"https:\/\/www.gr-eclat01.fr\/"},{"@type":"ListItem","position":2,"name":"Gala de no\u00ebl 2024"}]},{"@type":"WebSite","@id":"https:\/\/www.gr-eclat01.fr\/#website","url":"https:\/\/www.gr-eclat01.fr\/","name":"Eclat Rythmique Val de Sa\u00f4ne","description":"Eclat Rythmique Val de Sa\u00f4ne","publisher":{"@id":"https:\/\/www.gr-eclat01.fr\/#organization"},"potentialAction":[{"@type":"SearchAction","target":{"@type":"EntryPoint","urlTemplate":"https:\/\/www.gr-eclat01.fr\/?s={search_term_string}"},"query-input":{"@type":"PropertyValueSpecification","valueRequired":true,"valueName":"search_term_string"}}],"inLanguage":"fr-FR"},{"@type":"Organization","@id":"https:\/\/www.gr-eclat01.fr\/#organization","name":"Eclat Rythmique Val de Sa\u00f4ne","url":"https:\/\/www.gr-eclat01.fr\/","logo":{"@type":"ImageObject","inLanguage":"fr-FR","@id":"https:\/\/www.gr-eclat01.fr\/#\/schema\/logo\/image\/","url":"https:\/\/www.gr-eclat01.fr\/wp-content\/uploads\/2026\/04\/cropped-logo-2026-1.png","contentUrl":"https:\/\/www.gr-eclat01.fr\/wp-content\/uploads\/2026\/04\/cropped-logo-2026-1.png","width":375,"height":229,"caption":"Eclat Rythmique Val de Sa\u00f4ne"},"image":{"@id":"https:\/\/www.gr-eclat01.fr\/#\/schema\/logo\/image\/"}},{"@type":"Person","@id":"https:\/\/www.gr-eclat01.fr\/#\/schema\/person\/f0ac7a803c78a1080f94705b6655c88d","name":"Sol\u00e8ne","image":{"@type":"ImageObject","inLanguage":"fr-FR","@id":"https:\/\/secure.gravatar.com\/avatar\/18d7171921351bbde9a48f73fb21470bde10e15432831aa662b11c7bf9510e0f?s=96&d=mm&r=g","url":"https:\/\/secure.gravatar.com\/avatar\/18d7171921351bbde9a48f73fb21470bde10e15432831aa662b11c7bf9510e0f?s=96&d=mm&r=g","contentUrl":"https:\/\/secure.gravatar.com\/avatar\/18d7171921351bbde9a48f73fb21470bde10e15432831aa662b11c7bf9510e0f?s=96&d=mm&r=g","caption":"Sol\u00e8ne"},"sameAs":["http:\/\/gr-eclat01.fr"],"url":"https:\/\/www.gr-eclat01.fr\/index.php\/author\/admin7673\/"}]}},"jetpack_featured_media_url":"","jetpack_sharing_enabled":true,"_links":{"self":[{"href":"https:\/\/www.gr-eclat01.fr\/index.php\/wp-json\/wp\/v2\/posts\/1127","targetHints":{"allow":["GET"]}}],"collection":[{"href":"https:\/\/www.gr-eclat01.fr\/index.php\/wp-json\/wp\/v2\/posts"}],"about":[{"href":"https:\/\/www.gr-eclat01.fr\/index.php\/wp-json\/wp\/v2\/types\/post"}],"author":[{"embeddable":true,"href":"https:\/\/www.gr-eclat01.fr\/index.php\/wp-json\/wp\/v2\/users\/1"}],"replies":[{"embeddable":true,"href":"https:\/\/www.gr-eclat01.fr\/index.php\/wp-json\/wp\/v2\/comments?post=1127"}],"version-history":[{"count":5,"href":"https:\/\/www.gr-eclat01.fr\/index.php\/wp-json\/wp\/v2\/posts\/1127\/revisions"}],"predecessor-version":[{"id":1133,"href":"https:\/\/www.gr-eclat01.fr\/index.php\/wp-json\/wp\/v2\/posts\/1127\/revisions\/1133"}],"wp:attachment":[{"href":"https:\/\/www.gr-eclat01.fr\/index.php\/wp-json\/wp\/v2\/media?parent=1127"}],"wp:term":[{"taxonomy":"category","embeddable":true,"href":"https:\/\/www.gr-eclat01.fr\/index.php\/wp-json\/wp\/v2\/categories?post=1127"},{"taxonomy":"post_tag","embeddable":true,"href":"https:\/\/www.gr-eclat01.fr\/index.php\/wp-json\/wp\/v2\/tags?post=1127"}],"curies":[{"name":"wp","href":"https:\/\/api.w.org\/{rel}","templated":true}]}}