{"id":1055,"date":"2024-10-30T15:11:03","date_gmt":"2024-10-30T14:11:03","guid":{"rendered":"https:\/\/www.gr-eclat01.fr\/?p=1055"},"modified":"2024-10-30T15:17:07","modified_gmt":"2024-10-30T14:17:07","slug":"octobre-rose-a-leclat-rythmique","status":"publish","type":"post","link":"https:\/\/www.gr-eclat01.fr\/index.php\/2024\/10\/30\/octobre-rose-a-leclat-rythmique\/","title":{"rendered":"Octobre Rose \u00e0 l&rsquo;Eclat Rythmique"},"content":{"rendered":"\t\t<div data-elementor-type=\"wp-post\" data-elementor-id=\"1055\" class=\"elementor elementor-1055\">\n\t\t\t\t<div class=\"elementor-element elementor-element-a608001 e-flex e-con-boxed wpr-particle-no wpr-jarallax-no wpr-parallax-no wpr-sticky-section-no wpr-equal-height-no e-con e-parent\" data-id=\"a608001\" data-element_type=\"container\">\n\t\t\t\t\t<div class=\"e-con-inner\">\n\t\t\t\t<div class=\"elementor-element elementor-element-7e8cb07 elementor-widget elementor-widget-text-editor\" data-id=\"7e8cb07\" data-element_type=\"widget\" data-widget_type=\"text-editor.default\">\n\t\t\t\t<div class=\"elementor-widget-container\">\n\t\t\t\t\t\t\t\t\t<div class=\"markdown markdown-main-panel response-optimization stronger\" dir=\"ltr\"><h2 data-sourcepos=\"3:1-3:88\"><strong>Octobre Rose : Les gymnastes de l&rsquo;Eclat Rythmique illuminent la lutte contre le cancer du sein<\/strong><\/h2><p data-sourcepos=\"5:1-5:294\">Le mois d&rsquo;octobre, traditionnellement d\u00e9di\u00e9 \u00e0 la sensibilisation au cancer du sein, a rev\u00eatu une teinte particuli\u00e8rement rose chez les \u00c9clats Rythmiques Val de Sa\u00f4ne. Tout au long de la semaine, nos gymnastes, des plus jeunes aux adultes, ont arbor\u00e9 fi\u00e8rement la couleur symbole de cette cause.<\/p><h3 data-sourcepos=\"7:1-7:59\"><strong>Un peu de rose, un sourire sur les l\u00e8vres<\/strong><\/h3><p data-sourcepos=\"9:1-9:290\">Chaque entra\u00eenement s&rsquo;est transform\u00e9 en un moment de solidarit\u00e9. Les couleurs roses sur les tenues des gymnastes \u00e9taient autant de petits gestes forts, t\u00e9moignant de leur engagement. Au-del\u00e0 de la simple couleur, c&rsquo;est tout un esprit de camaraderie et de soutien qui a anim\u00e9 les s\u00e9ances.<\/p><h3 data-sourcepos=\"11:1-11:54\"><strong>Des photos pour sensibiliser et r\u00e9colter des fonds<\/strong><\/h3><p data-sourcepos=\"13:1-13:359\">Pour aller encore plus loin, les gymnastes ont souhait\u00e9 s&rsquo;associer \u00e0 l&rsquo;\u00e9v\u00e9nement organis\u00e9 par le Cap Culture du Mogneneins. Une exposition a \u00e9t\u00e9 mise en place, mettant en lumi\u00e8re les photos prises lors des entra\u00eenements mais aussi des clich\u00e9s d&rsquo;hommes et de femmes soutenant cette cause. Ces clich\u00e9s, empreints d&rsquo;\u00e9nergie et de bonne humeur, ont permis de sensibiliser un public plus large \u00e0 la cause du cancer du sein.<\/p><h3 data-sourcepos=\"15:1-15:48\"><strong>Un geste concret pour une association primordiale<\/strong><\/h3><p data-sourcepos=\"17:1-17:298\">Mais l&rsquo;engagement de l&rsquo;Eclat Rythmique ne s&rsquo;arr\u00eate pas l\u00e0. Les fonds r\u00e9colt\u00e9s gr\u00e2ce \u00e0 cette exposition ont \u00e9t\u00e9 revers\u00e9 \u00e0 une association luttant contre le cancer du sein. Ce geste concret t\u00e9moigne de la volont\u00e9 du club de contribuer, \u00e0 son \u00e9chelle, \u00e0 la recherche et au soutien des malades.<\/p><h3 data-sourcepos=\"19:1-19:53\"><strong>Un club uni face \u00e0 une cause qui nous touche toutes et tous<\/strong><\/h3><p data-sourcepos=\"21:1-21:270\">En participant \u00e0 Octobre Rose, les gymnastes de l&rsquo;Eclat Rythmique ont d\u00e9montr\u00e9 que le sport peut \u00eatre un vecteur de solidarit\u00e9 et d&rsquo;espoir. Au-del\u00e0 de l&rsquo;aspect sportif, c&rsquo;est avant tout une belle aventure humaine qui s&rsquo;est \u00e9crite, r\u00e9unissant petits et grands autour d&rsquo;une m\u00eame cause.<\/p><h4 data-sourcepos=\"23:1-23:66\"><strong>Merci \u00e0 tous ceux qui ont contribu\u00e9 \u00e0 cette belle initiative !<\/strong><\/h4><\/div>\t\t\t\t\t\t\t\t<\/div>\n\t\t\t\t<\/div>\n\t\t\t\t\t<\/div>\n\t\t\t\t<\/div>\n\t\t<div class=\"elementor-element elementor-element-e372915 e-flex e-con-boxed wpr-particle-no wpr-jarallax-no wpr-parallax-no wpr-sticky-section-no wpr-equal-height-no e-con e-parent\" data-id=\"e372915\" data-element_type=\"container\">\n\t\t\t\t\t<div class=\"e-con-inner\">\n\t\t\t\t<div class=\"elementor-element elementor-element-b5a1ced elementor-widget elementor-widget-image-gallery\" data-id=\"b5a1ced\" data-element_type=\"widget\" data-widget_type=\"image-gallery.default\">\n\t\t\t\t<div class=\"elementor-widget-container\">\n\t\t\t\t\t\t\t<div class=\"elementor-image-gallery\">\n\t\t\t<div id='gallery-1' class='gallery galleryid-1055 gallery-columns-4 gallery-size-thumbnail'><figure class='gallery-item'>\n\t\t\t<div class='gallery-icon landscape'>\n\t\t\t\t<a data-elementor-open-lightbox=\"yes\" data-elementor-lightbox-slideshow=\"b5a1ced\" data-elementor-lightbox-title=\"baby gym\" data-e-action-hash=\"#elementor-action%3Aaction%3Dlightbox%26settings%3DeyJpZCI6MTA1OCwidXJsIjoiaHR0cHM6XC9cL3d3dy5nci1lY2xhdDAxLmZyXC93cC1jb250ZW50XC91cGxvYWRzXC8yMDI0XC8xMFwvV2hhdHNBcHAtSW1hZ2UtMjAyNC0xMC0wOS1hLTIyLjIwLjUwX2ZkNWNlYzZjLmpwZyIsInNsaWRlc2hvdyI6ImI1YTFjZWQifQ%3D%3D\" href='https:\/\/www.gr-eclat01.fr\/wp-content\/uploads\/2024\/10\/WhatsApp-Image-2024-10-09-a-22.20.50_fd5cec6c.jpg'><img decoding=\"async\" width=\"150\" height=\"150\" src=\"https:\/\/www.gr-eclat01.fr\/wp-content\/uploads\/2024\/10\/WhatsApp-Image-2024-10-09-a-22.20.50_fd5cec6c-150x150.jpg\" class=\"attachment-thumbnail size-thumbnail\" alt=\"\" srcset=\"https:\/\/www.gr-eclat01.fr\/wp-content\/uploads\/2024\/10\/WhatsApp-Image-2024-10-09-a-22.20.50_fd5cec6c-150x150.jpg 150w, https:\/\/www.gr-eclat01.fr\/wp-content\/uploads\/2024\/10\/WhatsApp-Image-2024-10-09-a-22.20.50_fd5cec6c-600x600.jpg 600w\" sizes=\"(max-width: 150px) 100vw, 150px\" \/><\/a>\n\t\t\t<\/div><\/figure><figure class='gallery-item'>\n\t\t\t<div class='gallery-icon portrait'>\n\t\t\t\t<a data-elementor-open-lightbox=\"yes\" data-elementor-lightbox-slideshow=\"b5a1ced\" data-elementor-lightbox-title=\"loisirs 6-9ans\" data-e-action-hash=\"#elementor-action%3Aaction%3Dlightbox%26settings%3DeyJpZCI6MTA1OSwidXJsIjoiaHR0cHM6XC9cL3d3dy5nci1lY2xhdDAxLmZyXC93cC1jb250ZW50XC91cGxvYWRzXC8yMDI0XC8xMFwvV2hhdHNBcHAtSW1hZ2UtMjAyNC0xMC0zMC1hLTE1LjA3LjU0XzJhMjU1NjM5LmpwZyIsInNsaWRlc2hvdyI6ImI1YTFjZWQifQ%3D%3D\" href='https:\/\/www.gr-eclat01.fr\/wp-content\/uploads\/2024\/10\/WhatsApp-Image-2024-10-30-a-15.07.54_2a255639.jpg'><img decoding=\"async\" width=\"150\" height=\"150\" src=\"https:\/\/www.gr-eclat01.fr\/wp-content\/uploads\/2024\/10\/WhatsApp-Image-2024-10-30-a-15.07.54_2a255639-150x150.jpg\" class=\"attachment-thumbnail size-thumbnail\" alt=\"\" aria-describedby=\"gallery-1-1059\" srcset=\"https:\/\/www.gr-eclat01.fr\/wp-content\/uploads\/2024\/10\/WhatsApp-Image-2024-10-30-a-15.07.54_2a255639-150x150.jpg 150w, https:\/\/www.gr-eclat01.fr\/wp-content\/uploads\/2024\/10\/WhatsApp-Image-2024-10-30-a-15.07.54_2a255639-600x600.jpg 600w\" sizes=\"(max-width: 150px) 100vw, 150px\" \/><\/a>\n\t\t\t<\/div>\n\t\t\t\t<figcaption class='wp-caption-text gallery-caption' id='gallery-1-1059'>\n\t\t\t\tles loisirs jouent le jeux d&rsquo;octobre rose\n\t\t\t\t<\/figcaption><\/figure><figure class='gallery-item'>\n\t\t\t<div class='gallery-icon portrait'>\n\t\t\t\t<a data-elementor-open-lightbox=\"yes\" data-elementor-lightbox-slideshow=\"b5a1ced\" data-elementor-lightbox-title=\"competitrices enfants\" data-e-action-hash=\"#elementor-action%3Aaction%3Dlightbox%26settings%3DeyJpZCI6MTA2MCwidXJsIjoiaHR0cHM6XC9cL3d3dy5nci1lY2xhdDAxLmZyXC93cC1jb250ZW50XC91cGxvYWRzXC8yMDI0XC8xMFwvV2hhdHNBcHAtSW1hZ2UtMjAyNC0xMC0zMC1hLTE1LjA3LjU0XzM3OGI0MmI3LmpwZyIsInNsaWRlc2hvdyI6ImI1YTFjZWQifQ%3D%3D\" href='https:\/\/www.gr-eclat01.fr\/wp-content\/uploads\/2024\/10\/WhatsApp-Image-2024-10-30-a-15.07.54_378b42b7.jpg'><img decoding=\"async\" width=\"150\" height=\"150\" src=\"https:\/\/www.gr-eclat01.fr\/wp-content\/uploads\/2024\/10\/WhatsApp-Image-2024-10-30-a-15.07.54_378b42b7-150x150.jpg\" class=\"attachment-thumbnail size-thumbnail\" alt=\"\" srcset=\"https:\/\/www.gr-eclat01.fr\/wp-content\/uploads\/2024\/10\/WhatsApp-Image-2024-10-30-a-15.07.54_378b42b7-150x150.jpg 150w, https:\/\/www.gr-eclat01.fr\/wp-content\/uploads\/2024\/10\/WhatsApp-Image-2024-10-30-a-15.07.54_378b42b7-600x600.jpg 600w\" sizes=\"(max-width: 150px) 100vw, 150px\" \/><\/a>\n\t\t\t<\/div><\/figure><figure class='gallery-item'>\n\t\t\t<div class='gallery-icon landscape'>\n\t\t\t\t<a data-elementor-open-lightbox=\"yes\" data-elementor-lightbox-slideshow=\"b5a1ced\" data-elementor-lightbox-title=\"loisirs grs\" data-e-action-hash=\"#elementor-action%3Aaction%3Dlightbox%26settings%3DeyJpZCI6MTA2MSwidXJsIjoiaHR0cHM6XC9cL3d3dy5nci1lY2xhdDAxLmZyXC93cC1jb250ZW50XC91cGxvYWRzXC8yMDI0XC8xMFwvV2hhdHNBcHAtSW1hZ2UtMjAyNC0xMC0zMC1hLTE1LjA3LjU0XzYzNmIwOTVhLmpwZyIsInNsaWRlc2hvdyI6ImI1YTFjZWQifQ%3D%3D\" href='https:\/\/www.gr-eclat01.fr\/wp-content\/uploads\/2024\/10\/WhatsApp-Image-2024-10-30-a-15.07.54_636b095a.jpg'><img loading=\"lazy\" decoding=\"async\" width=\"150\" height=\"150\" src=\"https:\/\/www.gr-eclat01.fr\/wp-content\/uploads\/2024\/10\/WhatsApp-Image-2024-10-30-a-15.07.54_636b095a-150x150.jpg\" class=\"attachment-thumbnail size-thumbnail\" alt=\"\" srcset=\"https:\/\/www.gr-eclat01.fr\/wp-content\/uploads\/2024\/10\/WhatsApp-Image-2024-10-30-a-15.07.54_636b095a-150x150.jpg 150w, https:\/\/www.gr-eclat01.fr\/wp-content\/uploads\/2024\/10\/WhatsApp-Image-2024-10-30-a-15.07.54_636b095a-600x600.jpg 600w\" sizes=\"(max-width: 150px) 100vw, 150px\" \/><\/a>\n\t\t\t<\/div><\/figure><figure class='gallery-item'>\n\t\t\t<div class='gallery-icon portrait'>\n\t\t\t\t<a data-elementor-open-lightbox=\"yes\" data-elementor-lightbox-slideshow=\"b5a1ced\" data-elementor-lightbox-title=\"grandes loisirs grs\" data-e-action-hash=\"#elementor-action%3Aaction%3Dlightbox%26settings%3DeyJpZCI6MTA2MiwidXJsIjoiaHR0cHM6XC9cL3d3dy5nci1lY2xhdDAxLmZyXC93cC1jb250ZW50XC91cGxvYWRzXC8yMDI0XC8xMFwvV2hhdHNBcHAtSW1hZ2UtMjAyNC0xMC0zMC1hLTE1LjA3LjU0X2U5NmM2MTJmLmpwZyIsInNsaWRlc2hvdyI6ImI1YTFjZWQifQ%3D%3D\" href='https:\/\/www.gr-eclat01.fr\/wp-content\/uploads\/2024\/10\/WhatsApp-Image-2024-10-30-a-15.07.54_e96c612f.jpg'><img loading=\"lazy\" decoding=\"async\" width=\"150\" height=\"150\" src=\"https:\/\/www.gr-eclat01.fr\/wp-content\/uploads\/2024\/10\/WhatsApp-Image-2024-10-30-a-15.07.54_e96c612f-150x150.jpg\" class=\"attachment-thumbnail size-thumbnail\" alt=\"\" srcset=\"https:\/\/www.gr-eclat01.fr\/wp-content\/uploads\/2024\/10\/WhatsApp-Image-2024-10-30-a-15.07.54_e96c612f-150x150.jpg 150w, https:\/\/www.gr-eclat01.fr\/wp-content\/uploads\/2024\/10\/WhatsApp-Image-2024-10-30-a-15.07.54_e96c612f-600x600.jpg 600w\" sizes=\"(max-width: 150px) 100vw, 150px\" \/><\/a>\n\t\t\t<\/div><\/figure><figure class='gallery-item'>\n\t\t\t<div class='gallery-icon landscape'>\n\t\t\t\t<a data-elementor-open-lightbox=\"yes\" data-elementor-lightbox-slideshow=\"b5a1ced\" data-elementor-lightbox-title=\"comp\u00e9titrices adultes\" data-e-action-hash=\"#elementor-action%3Aaction%3Dlightbox%26settings%3DeyJpZCI6MTA2MywidXJsIjoiaHR0cHM6XC9cL3d3dy5nci1lY2xhdDAxLmZyXC93cC1jb250ZW50XC91cGxvYWRzXC8yMDI0XC8xMFwvV2hhdHNBcHAtSW1hZ2UtMjAyNC0xMC0zMC1hLTE1LjA3LjU1X2UyMzQ3MDIwLmpwZyIsInNsaWRlc2hvdyI6ImI1YTFjZWQifQ%3D%3D\" href='https:\/\/www.gr-eclat01.fr\/wp-content\/uploads\/2024\/10\/WhatsApp-Image-2024-10-30-a-15.07.55_e2347020.jpg'><img loading=\"lazy\" decoding=\"async\" width=\"150\" height=\"150\" src=\"https:\/\/www.gr-eclat01.fr\/wp-content\/uploads\/2024\/10\/WhatsApp-Image-2024-10-30-a-15.07.55_e2347020-150x150.jpg\" class=\"attachment-thumbnail size-thumbnail\" alt=\"\" srcset=\"https:\/\/www.gr-eclat01.fr\/wp-content\/uploads\/2024\/10\/WhatsApp-Image-2024-10-30-a-15.07.55_e2347020-150x150.jpg 150w, https:\/\/www.gr-eclat01.fr\/wp-content\/uploads\/2024\/10\/WhatsApp-Image-2024-10-30-a-15.07.55_e2347020-600x600.jpg 600w\" sizes=\"(max-width: 150px) 100vw, 150px\" \/><\/a>\n\t\t\t<\/div><\/figure>\n\t\t<\/div>\n\t\t<\/div>\n\t\t\t\t\t\t<\/div>\n\t\t\t\t<\/div>\n\t\t\t\t\t<\/div>\n\t\t\t\t<\/div>\n\t\t\t\t<\/div>\n\t\t","protected":false},"excerpt":{"rendered":"<p>Les gymnastes de l&rsquo;Eclat rythmique soutiennent la cause d&rsquo;octobre rose<\/p>\n","protected":false},"author":1,"featured_media":1059,"comment_status":"open","ping_status":"open","sticky":false,"template":"","format":"standard","meta":{"_jetpack_memberships_contains_paid_content":false,"footnotes":""},"categories":[11],"tags":[],"class_list":["post-1055","post","type-post","status-publish","format-standard","has-post-thumbnail","hentry","category-actualites-eclatrythmiquevaldesaone","entry","has-media"],"yoast_head":"<!-- This site is optimized with the Yoast SEO plugin v27.5 - https:\/\/yoast.com\/product\/yoast-seo-wordpress\/ -->\n<title>Octobre Rose \u00e0 l&#039;Eclat Rythmique - Eclat Rythmique Val de Sa\u00f4ne<\/title>\n<meta name=\"description\" content=\"Les gymnastes de l&#039;Eclat rythmique se sont toutes et tous v\u00eatus de rose pour soutenir ensemble la cause d&#039;octobre rose.\" \/>\n<meta name=\"robots\" content=\"index, follow, max-snippet:-1, max-image-preview:large, max-video-preview:-1\" \/>\n<link rel=\"canonical\" href=\"https:\/\/www.gr-eclat01.fr\/index.php\/2024\/10\/30\/octobre-rose-a-leclat-rythmique\/\" \/>\n<meta property=\"og:locale\" content=\"fr_FR\" \/>\n<meta property=\"og:type\" content=\"article\" \/>\n<meta property=\"og:title\" content=\"Octobre Rose \u00e0 l&#039;Eclat Rythmique - Eclat Rythmique Val de Sa\u00f4ne\" \/>\n<meta property=\"og:description\" content=\"Les gymnastes de l&#039;Eclat rythmique se sont toutes et tous v\u00eatus de rose pour soutenir ensemble la cause d&#039;octobre rose.\" \/>\n<meta property=\"og:url\" content=\"https:\/\/www.gr-eclat01.fr\/index.php\/2024\/10\/30\/octobre-rose-a-leclat-rythmique\/\" \/>\n<meta property=\"og:site_name\" content=\"Eclat Rythmique Val de Sa\u00f4ne\" \/>\n<meta property=\"article:published_time\" content=\"2024-10-30T14:11:03+00:00\" \/>\n<meta property=\"article:modified_time\" content=\"2024-10-30T14:17:07+00:00\" \/>\n<meta property=\"og:image\" content=\"https:\/\/www.gr-eclat01.fr\/wp-content\/uploads\/2024\/10\/WhatsApp-Image-2024-10-30-a-15.07.54_2a255639.jpg\" \/>\n\t<meta property=\"og:image:width\" content=\"1200\" \/>\n\t<meta property=\"og:image:height\" content=\"1600\" \/>\n\t<meta property=\"og:image:type\" content=\"image\/jpeg\" \/>\n<meta name=\"author\" content=\"Sol\u00e8ne\" \/>\n<meta name=\"twitter:card\" content=\"summary_large_image\" \/>\n<meta name=\"twitter:label1\" content=\"\u00c9crit par\" \/>\n\t<meta name=\"twitter:data1\" content=\"Sol\u00e8ne\" \/>\n\t<meta name=\"twitter:label2\" content=\"Dur\u00e9e de lecture estim\u00e9e\" \/>\n\t<meta name=\"twitter:data2\" content=\"4 minutes\" \/>\n<script type=\"application\/ld+json\" class=\"yoast-schema-graph\">{\"@context\":\"https:\\\/\\\/schema.org\",\"@graph\":[{\"@type\":\"Article\",\"@id\":\"https:\\\/\\\/www.gr-eclat01.fr\\\/index.php\\\/2024\\\/10\\\/30\\\/octobre-rose-a-leclat-rythmique\\\/#article\",\"isPartOf\":{\"@id\":\"https:\\\/\\\/www.gr-eclat01.fr\\\/index.php\\\/2024\\\/10\\\/30\\\/octobre-rose-a-leclat-rythmique\\\/\"},\"author\":{\"name\":\"Sol\u00e8ne\",\"@id\":\"https:\\\/\\\/www.gr-eclat01.fr\\\/#\\\/schema\\\/person\\\/f0ac7a803c78a1080f94705b6655c88d\"},\"headline\":\"Octobre Rose \u00e0 l&rsquo;Eclat Rythmique\",\"datePublished\":\"2024-10-30T14:11:03+00:00\",\"dateModified\":\"2024-10-30T14:17:07+00:00\",\"mainEntityOfPage\":{\"@id\":\"https:\\\/\\\/www.gr-eclat01.fr\\\/index.php\\\/2024\\\/10\\\/30\\\/octobre-rose-a-leclat-rythmique\\\/\"},\"wordCount\":338,\"commentCount\":0,\"publisher\":{\"@id\":\"https:\\\/\\\/www.gr-eclat01.fr\\\/#organization\"},\"image\":{\"@id\":\"https:\\\/\\\/www.gr-eclat01.fr\\\/index.php\\\/2024\\\/10\\\/30\\\/octobre-rose-a-leclat-rythmique\\\/#primaryimage\"},\"thumbnailUrl\":\"https:\\\/\\\/www.gr-eclat01.fr\\\/wp-content\\\/uploads\\\/2024\\\/10\\\/WhatsApp-Image-2024-10-30-a-15.07.54_2a255639.jpg\",\"articleSection\":[\"Actualit\u00e9s\"],\"inLanguage\":\"fr-FR\",\"potentialAction\":[{\"@type\":\"CommentAction\",\"name\":\"Comment\",\"target\":[\"https:\\\/\\\/www.gr-eclat01.fr\\\/index.php\\\/2024\\\/10\\\/30\\\/octobre-rose-a-leclat-rythmique\\\/#respond\"]}]},{\"@type\":\"WebPage\",\"@id\":\"https:\\\/\\\/www.gr-eclat01.fr\\\/index.php\\\/2024\\\/10\\\/30\\\/octobre-rose-a-leclat-rythmique\\\/\",\"url\":\"https:\\\/\\\/www.gr-eclat01.fr\\\/index.php\\\/2024\\\/10\\\/30\\\/octobre-rose-a-leclat-rythmique\\\/\",\"name\":\"Octobre Rose \u00e0 l'Eclat Rythmique - Eclat Rythmique Val de Sa\u00f4ne\",\"isPartOf\":{\"@id\":\"https:\\\/\\\/www.gr-eclat01.fr\\\/#website\"},\"primaryImageOfPage\":{\"@id\":\"https:\\\/\\\/www.gr-eclat01.fr\\\/index.php\\\/2024\\\/10\\\/30\\\/octobre-rose-a-leclat-rythmique\\\/#primaryimage\"},\"image\":{\"@id\":\"https:\\\/\\\/www.gr-eclat01.fr\\\/index.php\\\/2024\\\/10\\\/30\\\/octobre-rose-a-leclat-rythmique\\\/#primaryimage\"},\"thumbnailUrl\":\"https:\\\/\\\/www.gr-eclat01.fr\\\/wp-content\\\/uploads\\\/2024\\\/10\\\/WhatsApp-Image-2024-10-30-a-15.07.54_2a255639.jpg\",\"datePublished\":\"2024-10-30T14:11:03+00:00\",\"dateModified\":\"2024-10-30T14:17:07+00:00\",\"description\":\"Les gymnastes de l'Eclat rythmique se sont toutes et tous v\u00eatus de rose pour soutenir ensemble la cause d'octobre rose.\",\"breadcrumb\":{\"@id\":\"https:\\\/\\\/www.gr-eclat01.fr\\\/index.php\\\/2024\\\/10\\\/30\\\/octobre-rose-a-leclat-rythmique\\\/#breadcrumb\"},\"inLanguage\":\"fr-FR\",\"potentialAction\":[{\"@type\":\"ReadAction\",\"target\":[\"https:\\\/\\\/www.gr-eclat01.fr\\\/index.php\\\/2024\\\/10\\\/30\\\/octobre-rose-a-leclat-rythmique\\\/\"]}]},{\"@type\":\"ImageObject\",\"inLanguage\":\"fr-FR\",\"@id\":\"https:\\\/\\\/www.gr-eclat01.fr\\\/index.php\\\/2024\\\/10\\\/30\\\/octobre-rose-a-leclat-rythmique\\\/#primaryimage\",\"url\":\"https:\\\/\\\/www.gr-eclat01.fr\\\/wp-content\\\/uploads\\\/2024\\\/10\\\/WhatsApp-Image-2024-10-30-a-15.07.54_2a255639.jpg\",\"contentUrl\":\"https:\\\/\\\/www.gr-eclat01.fr\\\/wp-content\\\/uploads\\\/2024\\\/10\\\/WhatsApp-Image-2024-10-30-a-15.07.54_2a255639.jpg\",\"width\":1200,\"height\":1600,\"caption\":\"les loisirs jouent le jeux d'octobre rose\"},{\"@type\":\"BreadcrumbList\",\"@id\":\"https:\\\/\\\/www.gr-eclat01.fr\\\/index.php\\\/2024\\\/10\\\/30\\\/octobre-rose-a-leclat-rythmique\\\/#breadcrumb\",\"itemListElement\":[{\"@type\":\"ListItem\",\"position\":1,\"name\":\"Accueil\",\"item\":\"https:\\\/\\\/www.gr-eclat01.fr\\\/\"},{\"@type\":\"ListItem\",\"position\":2,\"name\":\"Octobre Rose \u00e0 l&#8217;Eclat Rythmique\"}]},{\"@type\":\"WebSite\",\"@id\":\"https:\\\/\\\/www.gr-eclat01.fr\\\/#website\",\"url\":\"https:\\\/\\\/www.gr-eclat01.fr\\\/\",\"name\":\"Eclat Rythmique Val de Sa\u00f4ne\",\"description\":\"Eclat Rythmique Val de Sa\u00f4ne\",\"publisher\":{\"@id\":\"https:\\\/\\\/www.gr-eclat01.fr\\\/#organization\"},\"potentialAction\":[{\"@type\":\"SearchAction\",\"target\":{\"@type\":\"EntryPoint\",\"urlTemplate\":\"https:\\\/\\\/www.gr-eclat01.fr\\\/?s={search_term_string}\"},\"query-input\":{\"@type\":\"PropertyValueSpecification\",\"valueRequired\":true,\"valueName\":\"search_term_string\"}}],\"inLanguage\":\"fr-FR\"},{\"@type\":\"Organization\",\"@id\":\"https:\\\/\\\/www.gr-eclat01.fr\\\/#organization\",\"name\":\"Eclat Rythmique Val de Sa\u00f4ne\",\"url\":\"https:\\\/\\\/www.gr-eclat01.fr\\\/\",\"logo\":{\"@type\":\"ImageObject\",\"inLanguage\":\"fr-FR\",\"@id\":\"https:\\\/\\\/www.gr-eclat01.fr\\\/#\\\/schema\\\/logo\\\/image\\\/\",\"url\":\"https:\\\/\\\/www.gr-eclat01.fr\\\/wp-content\\\/uploads\\\/2026\\\/04\\\/cropped-logo-2026-1.png\",\"contentUrl\":\"https:\\\/\\\/www.gr-eclat01.fr\\\/wp-content\\\/uploads\\\/2026\\\/04\\\/cropped-logo-2026-1.png\",\"width\":375,\"height\":229,\"caption\":\"Eclat Rythmique Val de Sa\u00f4ne\"},\"image\":{\"@id\":\"https:\\\/\\\/www.gr-eclat01.fr\\\/#\\\/schema\\\/logo\\\/image\\\/\"}},{\"@type\":\"Person\",\"@id\":\"https:\\\/\\\/www.gr-eclat01.fr\\\/#\\\/schema\\\/person\\\/f0ac7a803c78a1080f94705b6655c88d\",\"name\":\"Sol\u00e8ne\",\"image\":{\"@type\":\"ImageObject\",\"inLanguage\":\"fr-FR\",\"@id\":\"https:\\\/\\\/secure.gravatar.com\\\/avatar\\\/18d7171921351bbde9a48f73fb21470bde10e15432831aa662b11c7bf9510e0f?s=96&d=mm&r=g\",\"url\":\"https:\\\/\\\/secure.gravatar.com\\\/avatar\\\/18d7171921351bbde9a48f73fb21470bde10e15432831aa662b11c7bf9510e0f?s=96&d=mm&r=g\",\"contentUrl\":\"https:\\\/\\\/secure.gravatar.com\\\/avatar\\\/18d7171921351bbde9a48f73fb21470bde10e15432831aa662b11c7bf9510e0f?s=96&d=mm&r=g\",\"caption\":\"Sol\u00e8ne\"},\"sameAs\":[\"http:\\\/\\\/gr-eclat01.fr\"],\"url\":\"https:\\\/\\\/www.gr-eclat01.fr\\\/index.php\\\/author\\\/admin7673\\\/\"}]}<\/script>\n<!-- \/ Yoast SEO plugin. -->","yoast_head_json":{"title":"Octobre Rose \u00e0 l'Eclat Rythmique - Eclat Rythmique Val de Sa\u00f4ne","description":"Les gymnastes de l'Eclat rythmique se sont toutes et tous v\u00eatus de rose pour soutenir ensemble la cause d'octobre rose.","robots":{"index":"index","follow":"follow","max-snippet":"max-snippet:-1","max-image-preview":"max-image-preview:large","max-video-preview":"max-video-preview:-1"},"canonical":"https:\/\/www.gr-eclat01.fr\/index.php\/2024\/10\/30\/octobre-rose-a-leclat-rythmique\/","og_locale":"fr_FR","og_type":"article","og_title":"Octobre Rose \u00e0 l'Eclat Rythmique - Eclat Rythmique Val de Sa\u00f4ne","og_description":"Les gymnastes de l'Eclat rythmique se sont toutes et tous v\u00eatus de rose pour soutenir ensemble la cause d'octobre rose.","og_url":"https:\/\/www.gr-eclat01.fr\/index.php\/2024\/10\/30\/octobre-rose-a-leclat-rythmique\/","og_site_name":"Eclat Rythmique Val de Sa\u00f4ne","article_published_time":"2024-10-30T14:11:03+00:00","article_modified_time":"2024-10-30T14:17:07+00:00","og_image":[{"width":1200,"height":1600,"url":"https:\/\/www.gr-eclat01.fr\/wp-content\/uploads\/2024\/10\/WhatsApp-Image-2024-10-30-a-15.07.54_2a255639.jpg","type":"image\/jpeg"}],"author":"Sol\u00e8ne","twitter_card":"summary_large_image","twitter_misc":{"\u00c9crit par":"Sol\u00e8ne","Dur\u00e9e de lecture estim\u00e9e":"4 minutes"},"schema":{"@context":"https:\/\/schema.org","@graph":[{"@type":"Article","@id":"https:\/\/www.gr-eclat01.fr\/index.php\/2024\/10\/30\/octobre-rose-a-leclat-rythmique\/#article","isPartOf":{"@id":"https:\/\/www.gr-eclat01.fr\/index.php\/2024\/10\/30\/octobre-rose-a-leclat-rythmique\/"},"author":{"name":"Sol\u00e8ne","@id":"https:\/\/www.gr-eclat01.fr\/#\/schema\/person\/f0ac7a803c78a1080f94705b6655c88d"},"headline":"Octobre Rose \u00e0 l&rsquo;Eclat Rythmique","datePublished":"2024-10-30T14:11:03+00:00","dateModified":"2024-10-30T14:17:07+00:00","mainEntityOfPage":{"@id":"https:\/\/www.gr-eclat01.fr\/index.php\/2024\/10\/30\/octobre-rose-a-leclat-rythmique\/"},"wordCount":338,"commentCount":0,"publisher":{"@id":"https:\/\/www.gr-eclat01.fr\/#organization"},"image":{"@id":"https:\/\/www.gr-eclat01.fr\/index.php\/2024\/10\/30\/octobre-rose-a-leclat-rythmique\/#primaryimage"},"thumbnailUrl":"https:\/\/www.gr-eclat01.fr\/wp-content\/uploads\/2024\/10\/WhatsApp-Image-2024-10-30-a-15.07.54_2a255639.jpg","articleSection":["Actualit\u00e9s"],"inLanguage":"fr-FR","potentialAction":[{"@type":"CommentAction","name":"Comment","target":["https:\/\/www.gr-eclat01.fr\/index.php\/2024\/10\/30\/octobre-rose-a-leclat-rythmique\/#respond"]}]},{"@type":"WebPage","@id":"https:\/\/www.gr-eclat01.fr\/index.php\/2024\/10\/30\/octobre-rose-a-leclat-rythmique\/","url":"https:\/\/www.gr-eclat01.fr\/index.php\/2024\/10\/30\/octobre-rose-a-leclat-rythmique\/","name":"Octobre Rose \u00e0 l'Eclat Rythmique - Eclat Rythmique Val de Sa\u00f4ne","isPartOf":{"@id":"https:\/\/www.gr-eclat01.fr\/#website"},"primaryImageOfPage":{"@id":"https:\/\/www.gr-eclat01.fr\/index.php\/2024\/10\/30\/octobre-rose-a-leclat-rythmique\/#primaryimage"},"image":{"@id":"https:\/\/www.gr-eclat01.fr\/index.php\/2024\/10\/30\/octobre-rose-a-leclat-rythmique\/#primaryimage"},"thumbnailUrl":"https:\/\/www.gr-eclat01.fr\/wp-content\/uploads\/2024\/10\/WhatsApp-Image-2024-10-30-a-15.07.54_2a255639.jpg","datePublished":"2024-10-30T14:11:03+00:00","dateModified":"2024-10-30T14:17:07+00:00","description":"Les gymnastes de l'Eclat rythmique se sont toutes et tous v\u00eatus de rose pour soutenir ensemble la cause d'octobre rose.","breadcrumb":{"@id":"https:\/\/www.gr-eclat01.fr\/index.php\/2024\/10\/30\/octobre-rose-a-leclat-rythmique\/#breadcrumb"},"inLanguage":"fr-FR","potentialAction":[{"@type":"ReadAction","target":["https:\/\/www.gr-eclat01.fr\/index.php\/2024\/10\/30\/octobre-rose-a-leclat-rythmique\/"]}]},{"@type":"ImageObject","inLanguage":"fr-FR","@id":"https:\/\/www.gr-eclat01.fr\/index.php\/2024\/10\/30\/octobre-rose-a-leclat-rythmique\/#primaryimage","url":"https:\/\/www.gr-eclat01.fr\/wp-content\/uploads\/2024\/10\/WhatsApp-Image-2024-10-30-a-15.07.54_2a255639.jpg","contentUrl":"https:\/\/www.gr-eclat01.fr\/wp-content\/uploads\/2024\/10\/WhatsApp-Image-2024-10-30-a-15.07.54_2a255639.jpg","width":1200,"height":1600,"caption":"les loisirs jouent le jeux d'octobre rose"},{"@type":"BreadcrumbList","@id":"https:\/\/www.gr-eclat01.fr\/index.php\/2024\/10\/30\/octobre-rose-a-leclat-rythmique\/#breadcrumb","itemListElement":[{"@type":"ListItem","position":1,"name":"Accueil","item":"https:\/\/www.gr-eclat01.fr\/"},{"@type":"ListItem","position":2,"name":"Octobre Rose \u00e0 l&#8217;Eclat Rythmique"}]},{"@type":"WebSite","@id":"https:\/\/www.gr-eclat01.fr\/#website","url":"https:\/\/www.gr-eclat01.fr\/","name":"Eclat Rythmique Val de Sa\u00f4ne","description":"Eclat Rythmique Val de Sa\u00f4ne","publisher":{"@id":"https:\/\/www.gr-eclat01.fr\/#organization"},"potentialAction":[{"@type":"SearchAction","target":{"@type":"EntryPoint","urlTemplate":"https:\/\/www.gr-eclat01.fr\/?s={search_term_string}"},"query-input":{"@type":"PropertyValueSpecification","valueRequired":true,"valueName":"search_term_string"}}],"inLanguage":"fr-FR"},{"@type":"Organization","@id":"https:\/\/www.gr-eclat01.fr\/#organization","name":"Eclat Rythmique Val de Sa\u00f4ne","url":"https:\/\/www.gr-eclat01.fr\/","logo":{"@type":"ImageObject","inLanguage":"fr-FR","@id":"https:\/\/www.gr-eclat01.fr\/#\/schema\/logo\/image\/","url":"https:\/\/www.gr-eclat01.fr\/wp-content\/uploads\/2026\/04\/cropped-logo-2026-1.png","contentUrl":"https:\/\/www.gr-eclat01.fr\/wp-content\/uploads\/2026\/04\/cropped-logo-2026-1.png","width":375,"height":229,"caption":"Eclat Rythmique Val de Sa\u00f4ne"},"image":{"@id":"https:\/\/www.gr-eclat01.fr\/#\/schema\/logo\/image\/"}},{"@type":"Person","@id":"https:\/\/www.gr-eclat01.fr\/#\/schema\/person\/f0ac7a803c78a1080f94705b6655c88d","name":"Sol\u00e8ne","image":{"@type":"ImageObject","inLanguage":"fr-FR","@id":"https:\/\/secure.gravatar.com\/avatar\/18d7171921351bbde9a48f73fb21470bde10e15432831aa662b11c7bf9510e0f?s=96&d=mm&r=g","url":"https:\/\/secure.gravatar.com\/avatar\/18d7171921351bbde9a48f73fb21470bde10e15432831aa662b11c7bf9510e0f?s=96&d=mm&r=g","contentUrl":"https:\/\/secure.gravatar.com\/avatar\/18d7171921351bbde9a48f73fb21470bde10e15432831aa662b11c7bf9510e0f?s=96&d=mm&r=g","caption":"Sol\u00e8ne"},"sameAs":["http:\/\/gr-eclat01.fr"],"url":"https:\/\/www.gr-eclat01.fr\/index.php\/author\/admin7673\/"}]}},"jetpack_featured_media_url":"https:\/\/www.gr-eclat01.fr\/wp-content\/uploads\/2024\/10\/WhatsApp-Image-2024-10-30-a-15.07.54_2a255639.jpg","jetpack_sharing_enabled":true,"_links":{"self":[{"href":"https:\/\/www.gr-eclat01.fr\/index.php\/wp-json\/wp\/v2\/posts\/1055","targetHints":{"allow":["GET"]}}],"collection":[{"href":"https:\/\/www.gr-eclat01.fr\/index.php\/wp-json\/wp\/v2\/posts"}],"about":[{"href":"https:\/\/www.gr-eclat01.fr\/index.php\/wp-json\/wp\/v2\/types\/post"}],"author":[{"embeddable":true,"href":"https:\/\/www.gr-eclat01.fr\/index.php\/wp-json\/wp\/v2\/users\/1"}],"replies":[{"embeddable":true,"href":"https:\/\/www.gr-eclat01.fr\/index.php\/wp-json\/wp\/v2\/comments?post=1055"}],"version-history":[{"count":6,"href":"https:\/\/www.gr-eclat01.fr\/index.php\/wp-json\/wp\/v2\/posts\/1055\/revisions"}],"predecessor-version":[{"id":1068,"href":"https:\/\/www.gr-eclat01.fr\/index.php\/wp-json\/wp\/v2\/posts\/1055\/revisions\/1068"}],"wp:featuredmedia":[{"embeddable":true,"href":"https:\/\/www.gr-eclat01.fr\/index.php\/wp-json\/wp\/v2\/media\/1059"}],"wp:attachment":[{"href":"https:\/\/www.gr-eclat01.fr\/index.php\/wp-json\/wp\/v2\/media?parent=1055"}],"wp:term":[{"taxonomy":"category","embeddable":true,"href":"https:\/\/www.gr-eclat01.fr\/index.php\/wp-json\/wp\/v2\/categories?post=1055"},{"taxonomy":"post_tag","embeddable":true,"href":"https:\/\/www.gr-eclat01.fr\/index.php\/wp-json\/wp\/v2\/tags?post=1055"}],"curies":[{"name":"wp","href":"https:\/\/api.w.org\/{rel}","templated":true}]}}